{"id":24125,"date":"2021-03-18T18:00:57","date_gmt":"2021-03-18T21:00:57","guid":{"rendered":"http:\/\/www.yungayino.cl\/noticias\/?p=24125"},"modified":"2021-03-18T19:22:12","modified_gmt":"2021-03-18T22:22:12","slug":"viii-censo-agropecuario-y-forestal-en-yungay","status":"publish","type":"post","link":"https:\/\/www.yungayino.cl\/noticias\/?p=24125","title":{"rendered":"VIII Censo Agropecuario y Forestal en Yungay"},"content":{"rendered":"<p><img loading=\"lazy\" decoding=\"async\" class=\"alignnone size-full wp-image-24126\" src=\"http:\/\/www.yungayino.cl\/noticias\/wp-content\/uploads\/2021\/03\/portada.jpg\" alt=\"\" width=\"700\" height=\"350\" srcset=\"https:\/\/www.yungayino.cl\/noticias\/wp-content\/uploads\/2021\/03\/portada.jpg 700w, https:\/\/www.yungayino.cl\/noticias\/wp-content\/uploads\/2021\/03\/portada-300x150.jpg 300w\" sizes=\"auto, (max-width: 700px) 100vw, 700px\" \/><\/p>\n<p style=\"text-align: justify;\">Yungay, marzo 2021: La Directora de desarrollo econ\u00f3mico, local y sustentabilidad del municipio, Claudia Harcha Cort\u00e9s, se reuni\u00f3 con la concejala Ang\u00e9lica Cabezas Gonz\u00e1lez, alcaldesa protocolar, para informar y conversar sobre el VIII Censo Agropecuario y Forestal que se est\u00e1 desarrollando en Yungay.<\/p>\n<p style=\"text-align: justify;\">En dicha reuni\u00f3n se analiz\u00f3 la situaci\u00f3n actual de los sectores rurales y se proyect\u00f3 este Censo como una alternativa importante para desarrollar pol\u00edticas p\u00fablicas municipales en favor de los sectores rurales de la comuna.<\/p>\n<p style=\"text-align: justify;\">\u201cMe alegra saber que nuestra comuna sea parte de este CENSO y estoy segura que saldr\u00e1 todo bien. Este estudio proporcionar\u00e1 informaci\u00f3n importante para conocer realmente la situaci\u00f3n actual de nuestros vecinos de sectores rurales, y servir\u00e1 tambi\u00e9n para tomar mejores decisiones, en la comuna y en el pa\u00eds\u201d, fueron las palabras de la concejala Ang\u00e9lica Cabezas Gonz\u00e1lez.<\/p>\n<p style=\"text-align: justify;\">El VIII Censo Agropecuario y Forestal abarca todos los roles agr\u00edcolas del pa\u00eds que tengan o no actividades silvoagropecuarias, incluyendo adem\u00e1s los predios que si bien no son roles agr\u00edcolas, si realizan alguna actividad agropecuaria y han sido identificados previamente desde otras fuentes complementarias, tales como criaderos de cerdos, de aves, colmenares, cultivos hidrop\u00f3nicos y ganado trashumante.<\/p>\n<p style=\"text-align: justify;\">Los recolectores de datos del INE para el CENSO iniciaron su trabajo en terreno en nuestra comuna el d\u00eda 10 de marzo 2021.<\/p>\n<p>&nbsp;<\/p>\n<p style=\"text-align: justify;\">[su_button url=\u00bbhttps:\/\/web.facebook.com\/media\/set\/?vanity=yungayino.cl&amp;set=a.4334418899906449&#8243; target=\u00bbblank\u00bb size=\u00bb7&#8243; radius=\u00bbround\u00bb icon=\u00bbicon: facebook-square\u00bb]FOTOGRAF\u00cdAS &#8211; VIII Censo Agropecuario y Forestal en Yungay[\/su_button]<\/p>\n","protected":false},"excerpt":{"rendered":"<p>Yungay, marzo 2021: La Directora de desarrollo econ\u00f3mico, local y sustentabilidad del municipio, Claudia Harcha Cort\u00e9s, se reuni\u00f3 con la concejala Ang\u00e9lica Cabezas Gonz\u00e1lez, alcaldesa protocolar, para informar y conversar sobre el VIII Censo&#46;&#46;&#46;<\/p>\n","protected":false},"author":2,"featured_media":24126,"comment_status":"closed","ping_status":"open","sticky":false,"template":"","format":"standard","meta":{"footnotes":""},"categories":[1],"tags":[370,1115,8,6,117],"class_list":["post-24125","post","type-post","status-publish","format-standard","has-post-thumbnail","hentry","category-noticias","tag-censo","tag-noticias","tag-yungay","tag-yungayino","tag-yungayinocl"],"_links":{"self":[{"href":"https:\/\/www.yungayino.cl\/noticias\/index.php?rest_route=\/wp\/v2\/posts\/24125","targetHints":{"allow":["GET"]}}],"collection":[{"href":"https:\/\/www.yungayino.cl\/noticias\/index.php?rest_route=\/wp\/v2\/posts"}],"about":[{"href":"https:\/\/www.yungayino.cl\/noticias\/index.php?rest_route=\/wp\/v2\/types\/post"}],"author":[{"embeddable":true,"href":"https:\/\/www.yungayino.cl\/noticias\/index.php?rest_route=\/wp\/v2\/users\/2"}],"replies":[{"embeddable":true,"href":"https:\/\/www.yungayino.cl\/noticias\/index.php?rest_route=%2Fwp%2Fv2%2Fcomments&post=24125"}],"version-history":[{"count":4,"href":"https:\/\/www.yungayino.cl\/noticias\/index.php?rest_route=\/wp\/v2\/posts\/24125\/revisions"}],"predecessor-version":[{"id":24130,"href":"https:\/\/www.yungayino.cl\/noticias\/index.php?rest_route=\/wp\/v2\/posts\/24125\/revisions\/24130"}],"wp:featuredmedia":[{"embeddable":true,"href":"https:\/\/www.yungayino.cl\/noticias\/index.php?rest_route=\/wp\/v2\/media\/24126"}],"wp:attachment":[{"href":"https:\/\/www.yungayino.cl\/noticias\/index.php?rest_route=%2Fwp%2Fv2%2Fmedia&parent=24125"}],"wp:term":[{"taxonomy":"category","embeddable":true,"href":"https:\/\/www.yungayino.cl\/noticias\/index.php?rest_route=%2Fwp%2Fv2%2Fcategories&post=24125"},{"taxonomy":"post_tag","embeddable":true,"href":"https:\/\/www.yungayino.cl\/noticias\/index.php?rest_route=%2Fwp%2Fv2%2Ftags&post=24125"}],"curies":[{"name":"wp","href":"https:\/\/api.w.org\/{rel}","templated":true}]}}