{"id":24148,"date":"2021-03-27T06:00:28","date_gmt":"2021-03-27T09:00:28","guid":{"rendered":"http:\/\/www.yungayino.cl\/noticias\/?p=24148"},"modified":"2021-03-25T19:57:21","modified_gmt":"2021-03-25T22:57:21","slug":"extienden-horario-para-realizar-deporte-en-cuarentena-durante-fines-de-semana-y-festivos","status":"publish","type":"post","link":"https:\/\/www.yungayino.cl\/noticias\/?p=24148","title":{"rendered":"Extienden Horario Para Realizar Deporte en Cuarentena Durante Fines de Semana y Festivos"},"content":{"rendered":"<p><img loading=\"lazy\" decoding=\"async\" class=\"alignnone size-full wp-image-24149\" src=\"http:\/\/www.yungayino.cl\/noticias\/wp-content\/uploads\/2021\/03\/deporte.jpg\" alt=\"\" width=\"700\" height=\"387\" srcset=\"https:\/\/www.yungayino.cl\/noticias\/wp-content\/uploads\/2021\/03\/deporte.jpg 700w, https:\/\/www.yungayino.cl\/noticias\/wp-content\/uploads\/2021\/03\/deporte-300x166.jpg 300w, https:\/\/www.yungayino.cl\/noticias\/wp-content\/uploads\/2021\/03\/deporte-271x150.jpg 271w\" sizes=\"auto, (max-width: 700px) 100vw, 700px\" \/><\/p>\n<p style=\"text-align: justify;\">Nacional, marzo 2021: Para el uso de este horario no se necesita ning\u00fan permiso especial de Comisar\u00eda Virtual. Los \u00fanicos requisitos son no utilizar transporte para desplazarse y realizar actividades deportivas individuales.<\/p>\n<p style=\"text-align: justify;\">El pr\u00f3ximo s\u00e1bado 27 de marzo comienza a regir el nuevo horario \u201c<strong>Elige Vivir Sano<\/strong>\u201d que permitir\u00e1 a las personas que residen en comunas con cuarentena realizar actividad f\u00edsica al aire libre entre las 6:00 y las 9:00 de la ma\u00f1ana durante los fines de semana y festivos. Para el resto de los d\u00edas -de lunes a viernes- se mantendr\u00e1 el horario que rige entre las 7:00 y las 8:30 de la ma\u00f1ana.<\/p>\n<p style=\"text-align: justify;\">Esta extensi\u00f3n se da tras la actualizaci\u00f3n del plan Paso a Paso anunciado esta semana por la autoridad sanitaria.<\/p>\n<p style=\"text-align: justify;\">El Seremi del Deporte, Edgardo Rodr\u00edguez, explic\u00f3 que \u201cel deporte es fundamental para mantener una buena salud, lo que es m\u00e1s necesario que nunca en estos tiempos de pandemia. En ese contexto, han ido surgiendo estos permisos como el Bloque Horario Elige Vivir Sano, gracias a la coordinaci\u00f3n del Ministerio del Deporte y la autoridad sanitaria. Es importante que la gente haga un uso responsable de este horario, que era una medida muy esperada por toda la gente que realiza actividad f\u00edsica de forma sistem\u00e1tica\u201d.<\/p>\n<p style=\"text-align: justify;\">Para el uso de este horario no se necesita ning\u00fan permiso especial de Comisar\u00eda Virtual. Los \u00fanicos requisitos son no utilizar transporte para desplazarse y realizar actividades deportivas individuales. \u201cEste horario est\u00e1 pensado para que las personas puedan ejercitarse en lugares aleda\u00f1os a sus casas, como plazas y parques\u201d, agreg\u00f3 Rodr\u00edguez.<\/p>\n<p style=\"text-align: justify;\">Cabe destacar que el bloque Elige Vivir Sano abarca a las comunas en Cuarentena (fase uno) y Transici\u00f3n (fase dos), ya que estas \u00faltimas permanecen con confinamiento total durante los fines de semana y festivos, d\u00edas en los que entra a regir el nuevo horario (6:00-9:00).<\/p>\n<p style=\"text-align: justify;\">Para el resto de las comunas no existen limitaciones de horario para la pr\u00e1ctica deportiva, respetando el toque de queda (22:00-5:00 am). Sin embargo, se mantienen los aforos m\u00e1ximos permitidos seg\u00fan la fase: Transici\u00f3n (fase 2), 10 personas al aire libre (de lunes a viernes); Preparaci\u00f3n (fase 3), 25 personas al aire libre, 5 en espacios cerrados; Apertura Inicial (fase 4), 50 personas al aire libre, 10 en lugares cerrados.<\/p>\n","protected":false},"excerpt":{"rendered":"<p>Nacional, marzo 2021: Para el uso de este horario no se necesita ning\u00fan permiso especial de Comisar\u00eda Virtual. Los \u00fanicos requisitos son no utilizar transporte para desplazarse y realizar actividades deportivas individuales. El pr\u00f3ximo&#46;&#46;&#46;<\/p>\n","protected":false},"author":2,"featured_media":24149,"comment_status":"closed","ping_status":"open","sticky":false,"template":"","format":"standard","meta":{"footnotes":""},"categories":[17,1],"tags":[1120,2465,1115,2464,8,6,117],"class_list":["post-24148","post","type-post","status-publish","format-standard","has-post-thumbnail","hentry","category-deporte","category-noticias","tag-deporte","tag-elige-vivir-sano","tag-noticias","tag-plan-paso-a-paso","tag-yungay","tag-yungayino","tag-yungayinocl"],"_links":{"self":[{"href":"https:\/\/www.yungayino.cl\/noticias\/index.php?rest_route=\/wp\/v2\/posts\/24148","targetHints":{"allow":["GET"]}}],"collection":[{"href":"https:\/\/www.yungayino.cl\/noticias\/index.php?rest_route=\/wp\/v2\/posts"}],"about":[{"href":"https:\/\/www.yungayino.cl\/noticias\/index.php?rest_route=\/wp\/v2\/types\/post"}],"author":[{"embeddable":true,"href":"https:\/\/www.yungayino.cl\/noticias\/index.php?rest_route=\/wp\/v2\/users\/2"}],"replies":[{"embeddable":true,"href":"https:\/\/www.yungayino.cl\/noticias\/index.php?rest_route=%2Fwp%2Fv2%2Fcomments&post=24148"}],"version-history":[{"count":1,"href":"https:\/\/www.yungayino.cl\/noticias\/index.php?rest_route=\/wp\/v2\/posts\/24148\/revisions"}],"predecessor-version":[{"id":24150,"href":"https:\/\/www.yungayino.cl\/noticias\/index.php?rest_route=\/wp\/v2\/posts\/24148\/revisions\/24150"}],"wp:featuredmedia":[{"embeddable":true,"href":"https:\/\/www.yungayino.cl\/noticias\/index.php?rest_route=\/wp\/v2\/media\/24149"}],"wp:attachment":[{"href":"https:\/\/www.yungayino.cl\/noticias\/index.php?rest_route=%2Fwp%2Fv2%2Fmedia&parent=24148"}],"wp:term":[{"taxonomy":"category","embeddable":true,"href":"https:\/\/www.yungayino.cl\/noticias\/index.php?rest_route=%2Fwp%2Fv2%2Fcategories&post=24148"},{"taxonomy":"post_tag","embeddable":true,"href":"https:\/\/www.yungayino.cl\/noticias\/index.php?rest_route=%2Fwp%2Fv2%2Ftags&post=24148"}],"curies":[{"name":"wp","href":"https:\/\/api.w.org\/{rel}","templated":true}]}}