{"id":24155,"date":"2021-03-23T18:00:56","date_gmt":"2021-03-23T21:00:56","guid":{"rendered":"http:\/\/www.yungayino.cl\/noticias\/?p=24155"},"modified":"2021-03-23T19:25:27","modified_gmt":"2021-03-23T22:25:27","slug":"gobierno-regional-de-nuble-entrega-recursos-a-corfo-para-programas-de-apoyo-a-empresas","status":"publish","type":"post","link":"https:\/\/www.yungayino.cl\/noticias\/?p=24155","title":{"rendered":"Gobierno Regional de \u00d1uble Entrega Recursos a Corfo Para Programas de Apoyo a Empresas"},"content":{"rendered":"<p><img loading=\"lazy\" decoding=\"async\" class=\"alignnone size-full wp-image-24156\" src=\"http:\/\/www.yungayino.cl\/noticias\/wp-content\/uploads\/2021\/03\/corfo.jpg\" alt=\"\" width=\"700\" height=\"351\" srcset=\"https:\/\/www.yungayino.cl\/noticias\/wp-content\/uploads\/2021\/03\/corfo.jpg 700w, https:\/\/www.yungayino.cl\/noticias\/wp-content\/uploads\/2021\/03\/corfo-300x150.jpg 300w, https:\/\/www.yungayino.cl\/noticias\/wp-content\/uploads\/2021\/03\/corfo-299x150.jpg 299w\" sizes=\"auto, (max-width: 700px) 100vw, 700px\" \/><\/p>\n<p style=\"text-align: justify;\">\u00d1uble, marzo 2021: Dinamizar el desarrollo econ\u00f3mico regional, a trav\u00e9s de un apoyo directo a las MIPYMES, por medio del fortalecimiento de su gesti\u00f3n, capital de trabajo y la materializaci\u00f3n de inversiones, es el objetivo que busca alcanzar el convenio firmado recientemente entre Corfo y el Gobierno Regional de \u00d1uble. La iniciativa contempla recursos por 5 mil millones de pesos.<\/p>\n<p style=\"text-align: justify;\">\u201cEste convenio con Corfo nos va a permitir fortalecer la recuperaci\u00f3n econ\u00f3mica de las micro, medianas y peque\u00f1as empresas de nuestra Regi\u00f3n de \u00d1uble. Vamos a poder brindar apoyo a lo que es su gesti\u00f3n, su capital de trabajo y tambi\u00e9n a la materializaci\u00f3n de inversiones productivas. As\u00ed que estamos muy contentos por anunciar estas herramientas en medio de la compleja situaci\u00f3n econ\u00f3mica que estamos pasando como pa\u00eds, a ra\u00edz de los efectos y las consecuencias que ha dejado la crisis sanitaria. De todas maneras, quiero agradecer el compromiso del Consejo Regional, del Gobierno Regional, por poner a disposici\u00f3n de los emprendedores de \u00d1uble estos recursos\u201d, se\u00f1al\u00f3 el Intendente regional de \u00d1uble, Crist\u00f3bal Jard\u00faa.<\/p>\n<p style=\"text-align: justify;\">\u201cEstos recursos permitir\u00e1n otorgar un impulso a la reactivaci\u00f3n econ\u00f3mica y hacer frente a la situaci\u00f3n de emergencia sanitaria que vive nuestro pa\u00eds, y en la que \u00d1uble y sus emprendedores se han visto fuertemente afectados. Es una gran noticia para las pymes y una gran oportunidad de contribuir a mejorar las cifras de desempleo\u201d, expres\u00f3 el director regional de Corfo, Daniel Sep\u00falveda.<\/p>\n<p style=\"text-align: justify;\">Tras la firma del convenio, el Gobierno Regional de \u00d1uble realizar\u00e1 la transferencia de una primera cuota de mil millones de pesos en 2021, con la que Corfo podr\u00e1 abrir convocatorias en las l\u00edneas de Activa Inversi\u00f3n y Programa de Apoyo a la Reactivaci\u00f3n.<\/p>\n<p style=\"text-align: justify;\">\u201cImpulsar a nuestras pymes por medio de los programas de apoyo a las inversi\u00f3n y reactivaci\u00f3n dentro de la Regi\u00f3n de \u00d1uble es una de nuestras prioridades para seguir potenciando la econom\u00eda, ya que en gran parte han sido perjudicados todos los rubros tanto regionales como nacionales. El Presidente Sebasti\u00e1n Pi\u00f1era nos ha encomendado seguir trabajando con nuestros emprendedores y orientarlos para invertir de mejor manera los recursos estatales\u201d, indic\u00f3 el seremi de Econom\u00eda, Dalibor Franulic.<\/p>\n<p style=\"text-align: justify;\">Activa Inversi\u00f3n, busca apoyar la materializaci\u00f3n de inversiones de peque\u00f1as y medianas empresas, focalizadas en los ejes de desarrollo productivo regional. A trav\u00e9s de su ejecuci\u00f3n se espera obtener la atracci\u00f3n de inversiones, generaci\u00f3n de empleos y aportar a la diversificaci\u00f3n de la oferta regional.<\/p>\n<p style=\"text-align: justify;\">Para esta l\u00ednea Corfo cofinanciar\u00e1 hasta el 60% del costo total del proyecto, con un tope de 50 millones de pesos por proyecto, para la adquisici\u00f3n de activo fijo, habilitaci\u00f3n de infraestructura productiva y capital de trabajo. Este monto podr\u00e1 variar de acuerdo a la necesidad de cada convocatoria.<\/p>\n<p style=\"text-align: justify;\">El Programa de Apoyo a la Reactivaci\u00f3n, PAR, busca apoyar a grupos de entre 5 y 15 empresas y\/o emprendedores, con recursos para desarrollar competencias y capacidades t\u00e9cnicas, administrativas, comerciales y tecnol\u00f3gicas, que les permitan acceder a nuevas oportunidades de mercado, y\/o mantener actuales negocios. Este programa ofrece un financiamiento de hasta un 80% del costo total, con un tope de 5 millones de pesos por beneficiario.<\/p>\n<p style=\"text-align: justify;\">Ambos instrumentos podr\u00e1n adaptarse a una convocatoria Activa Impulsa o PAR Impulsa, para dar respuesta a una coyuntura social, econ\u00f3mica y sanitaria.<\/p>\n","protected":false},"excerpt":{"rendered":"<p>\u00d1uble, marzo 2021: Dinamizar el desarrollo econ\u00f3mico regional, a trav\u00e9s de un apoyo directo a las MIPYMES, por medio del fortalecimiento de su gesti\u00f3n, capital de trabajo y la materializaci\u00f3n de inversiones, es el&#46;&#46;&#46;<\/p>\n","protected":false},"author":2,"featured_media":24156,"comment_status":"closed","ping_status":"open","sticky":false,"template":"","format":"standard","meta":{"footnotes":""},"categories":[1],"tags":[478,1115,1678,8,6,117],"class_list":["post-24155","post","type-post","status-publish","format-standard","has-post-thumbnail","hentry","category-noticias","tag-corfo","tag-noticias","tag-nuble","tag-yungay","tag-yungayino","tag-yungayinocl"],"_links":{"self":[{"href":"https:\/\/www.yungayino.cl\/noticias\/index.php?rest_route=\/wp\/v2\/posts\/24155","targetHints":{"allow":["GET"]}}],"collection":[{"href":"https:\/\/www.yungayino.cl\/noticias\/index.php?rest_route=\/wp\/v2\/posts"}],"about":[{"href":"https:\/\/www.yungayino.cl\/noticias\/index.php?rest_route=\/wp\/v2\/types\/post"}],"author":[{"embeddable":true,"href":"https:\/\/www.yungayino.cl\/noticias\/index.php?rest_route=\/wp\/v2\/users\/2"}],"replies":[{"embeddable":true,"href":"https:\/\/www.yungayino.cl\/noticias\/index.php?rest_route=%2Fwp%2Fv2%2Fcomments&post=24155"}],"version-history":[{"count":2,"href":"https:\/\/www.yungayino.cl\/noticias\/index.php?rest_route=\/wp\/v2\/posts\/24155\/revisions"}],"predecessor-version":[{"id":24158,"href":"https:\/\/www.yungayino.cl\/noticias\/index.php?rest_route=\/wp\/v2\/posts\/24155\/revisions\/24158"}],"wp:featuredmedia":[{"embeddable":true,"href":"https:\/\/www.yungayino.cl\/noticias\/index.php?rest_route=\/wp\/v2\/media\/24156"}],"wp:attachment":[{"href":"https:\/\/www.yungayino.cl\/noticias\/index.php?rest_route=%2Fwp%2Fv2%2Fmedia&parent=24155"}],"wp:term":[{"taxonomy":"category","embeddable":true,"href":"https:\/\/www.yungayino.cl\/noticias\/index.php?rest_route=%2Fwp%2Fv2%2Fcategories&post=24155"},{"taxonomy":"post_tag","embeddable":true,"href":"https:\/\/www.yungayino.cl\/noticias\/index.php?rest_route=%2Fwp%2Fv2%2Ftags&post=24155"}],"curies":[{"name":"wp","href":"https:\/\/api.w.org\/{rel}","templated":true}]}}