{"id":24346,"date":"2021-04-16T07:00:23","date_gmt":"2021-04-16T10:00:23","guid":{"rendered":"http:\/\/www.yungayino.cl\/noticias\/?p=24346"},"modified":"2021-04-15T17:53:23","modified_gmt":"2021-04-15T20:53:23","slug":"atencion-primaria-de-nuble-contara-con-test-de-antigeno-para-la-deteccion-de-coronavirus","status":"publish","type":"post","link":"https:\/\/www.yungayino.cl\/noticias\/?p=24346","title":{"rendered":"Atenci\u00f3n Primaria de \u00d1uble Contar\u00e1 con Test de Ant\u00edgeno Para la Detecci\u00f3n de Coronavirus"},"content":{"rendered":"<p><img loading=\"lazy\" decoding=\"async\" class=\"alignnone size-full wp-image-24347\" src=\"http:\/\/www.yungayino.cl\/noticias\/wp-content\/uploads\/2021\/04\/4-1.jpg\" alt=\"\" width=\"700\" height=\"351\" srcset=\"https:\/\/www.yungayino.cl\/noticias\/wp-content\/uploads\/2021\/04\/4-1.jpg 700w, https:\/\/www.yungayino.cl\/noticias\/wp-content\/uploads\/2021\/04\/4-1-300x150.jpg 300w, https:\/\/www.yungayino.cl\/noticias\/wp-content\/uploads\/2021\/04\/4-1-299x150.jpg 299w\" sizes=\"auto, (max-width: 700px) 100vw, 700px\" \/><\/p>\n<p style=\"text-align: justify;\">\u00d1uble, abril 2021: La red asistencial de \u00d1uble contin\u00faa sumando estrategias para contener la pandemia del Coronavirus. Esta vez, se concret\u00f3 la implementaci\u00f3n del test de ant\u00edgeno en los Centros de Salud Familiar Violeta Parra y Michelle Bachelet.<\/p>\n<p style=\"text-align: justify;\">La iniciativa busca fortalecer y anticipar la detecci\u00f3n del COVID-19, en personas que lleguen con s\u00edntomas a los centros de salud de la Regi\u00f3n.<\/p>\n<p style=\"text-align: justify;\">En ese contexto, el Director del Servicio de Salud \u00d1uble, Ricardo S\u00e1nchez, destac\u00f3 este nuevo hito: \u201cEstamos lanzando una nueva t\u00e9cnica que permite detectar si un paciente tiene el virus del Covid-19. Este examen es similar a c\u00f3mo se hace el PCR, pero tiene como valor agregado que su resultado se obtiene en s\u00f3lo 30 minutos. Hab\u00edamos comenzado en San Carlos, ayer en el Cesfam Violeta Parra y hoy en Chill\u00e1n Viejo\u201d.<\/p>\n<p style=\"text-align: justify;\">\u201cEsto da cuenta de c\u00f3mo la red est\u00e1 implementando poco a poco en sus centros de salud esta nueva t\u00e9cnica, que permite detectar de mejor forma los usuarios que est\u00e1n contagiados y de esta manera, mejorar el seguimiento, la trazabilidad y el aislamiento oportuno de los casos\u201d, agreg\u00f3 el directivo.<\/p>\n<p style=\"text-align: justify;\">Por su parte, la Seremi de Salud, doctora Marta Bravo, detall\u00f3 que \u201cesta iniciativa es que se est\u00e1 implementando de forma gradual en la atenci\u00f3n primaria de la Regi\u00f3n y su particularidad es que es un test mucho m\u00e1s r\u00e1pido, en que podemos determinar a tiempo si un paciente es portador del virus y as\u00ed tambi\u00e9n, aislarlo a tiempo\u201d.<\/p>\n<p style=\"text-align: justify;\">La doctora a\u00f1adi\u00f3 que \u201clos centros de salud han hecho todos los esfuerzos para ayudarnos con el traslado de las personas, en caso de que sea confirmado, y as\u00ed derivarlo de inmediato a una residencia sanitaria; si las condiciones de habitabilidad del domicilio no son las adecuadas para cumplir su cuarentena\u201d.<\/p>\n<p style=\"text-align: justify;\">\u201cTrabajo mancomunado\u201d<\/p>\n<p style=\"text-align: justify;\">Durante la actividad, el alcalde Felipe Aylwin valor\u00f3 el trabajo colaborativo entre las diversas instituciones: \u201cAgradecer el hecho de que nuestra comuna sea siempre considerado como una alternativa; esto nos da a entender la seriedad, eficiencia de nuestro equipo de salud y por, sobre todo, del trabajo mancomunado que hemos realizado permanentemente. Nuestros equipos contin\u00faan trabajando y esto nos va a ayudar mucho para pesquisar con mayor rapidez a quienes est\u00e1n contagiados\u201d.<\/p>\n<p style=\"text-align: justify;\"><strong>Estado de la red asistencial<\/strong><\/p>\n<p style=\"text-align: justify;\">La red asistencial contin\u00faa tensionada a causa de la pandemia. As\u00ed lo inform\u00f3 el Subdirector de Gesti\u00f3n Asistencial, doctor Max Besser quien se\u00f1al\u00f3 que \u201cexiste un 9% de disponibilidad de camas cr\u00edticas. A su vez, al d\u00eda de hoy, 123 personas se encuentran hospitalizadas, 51 en Unidades de Cuidados Intensivos y 41 conectadas a ventilaci\u00f3n mec\u00e1nica\u201d.<\/p>\n<p style=\"text-align: justify;\">\u201cNuestros equipos de salud han realizado un gran esfuerzo por brindar atenci\u00f3n a la comunidad, sin embargo, hay cansancio y la capacidad de nuestra red asistencial no es infinita, por lo tanto, insistimos en el llamado al autocuidado. Hagamos un nuevo esfuerzo para resguardar nuestra salud y a nuestros seres queridos\u201d, remarc\u00f3 el doctor Besser.<\/p>\n<p style=\"text-align: justify;\">En cuanto a la cantidad de ex\u00e1menes, se inform\u00f3 un total de 543 muestras procesadas.<\/p>\n","protected":false},"excerpt":{"rendered":"<p>\u00d1uble, abril 2021: La red asistencial de \u00d1uble contin\u00faa sumando estrategias para contener la pandemia del Coronavirus. Esta vez, se concret\u00f3 la implementaci\u00f3n del test de ant\u00edgeno en los Centros de Salud Familiar Violeta&#46;&#46;&#46;<\/p>\n","protected":false},"author":2,"featured_media":24347,"comment_status":"closed","ping_status":"open","sticky":false,"template":"","format":"standard","meta":{"footnotes":""},"categories":[1,1675],"tags":[1115,1678,65,8,6,117],"class_list":["post-24346","post","type-post","status-publish","format-standard","has-post-thumbnail","hentry","category-noticias","category-saludc","tag-noticias","tag-nuble","tag-salud","tag-yungay","tag-yungayino","tag-yungayinocl"],"_links":{"self":[{"href":"https:\/\/www.yungayino.cl\/noticias\/index.php?rest_route=\/wp\/v2\/posts\/24346","targetHints":{"allow":["GET"]}}],"collection":[{"href":"https:\/\/www.yungayino.cl\/noticias\/index.php?rest_route=\/wp\/v2\/posts"}],"about":[{"href":"https:\/\/www.yungayino.cl\/noticias\/index.php?rest_route=\/wp\/v2\/types\/post"}],"author":[{"embeddable":true,"href":"https:\/\/www.yungayino.cl\/noticias\/index.php?rest_route=\/wp\/v2\/users\/2"}],"replies":[{"embeddable":true,"href":"https:\/\/www.yungayino.cl\/noticias\/index.php?rest_route=%2Fwp%2Fv2%2Fcomments&post=24346"}],"version-history":[{"count":2,"href":"https:\/\/www.yungayino.cl\/noticias\/index.php?rest_route=\/wp\/v2\/posts\/24346\/revisions"}],"predecessor-version":[{"id":24349,"href":"https:\/\/www.yungayino.cl\/noticias\/index.php?rest_route=\/wp\/v2\/posts\/24346\/revisions\/24349"}],"wp:featuredmedia":[{"embeddable":true,"href":"https:\/\/www.yungayino.cl\/noticias\/index.php?rest_route=\/wp\/v2\/media\/24347"}],"wp:attachment":[{"href":"https:\/\/www.yungayino.cl\/noticias\/index.php?rest_route=%2Fwp%2Fv2%2Fmedia&parent=24346"}],"wp:term":[{"taxonomy":"category","embeddable":true,"href":"https:\/\/www.yungayino.cl\/noticias\/index.php?rest_route=%2Fwp%2Fv2%2Fcategories&post=24346"},{"taxonomy":"post_tag","embeddable":true,"href":"https:\/\/www.yungayino.cl\/noticias\/index.php?rest_route=%2Fwp%2Fv2%2Ftags&post=24346"}],"curies":[{"name":"wp","href":"https:\/\/api.w.org\/{rel}","templated":true}]}}