{"id":2436,"date":"2009-11-15T09:00:39","date_gmt":"2009-11-15T13:00:39","guid":{"rendered":"http:\/\/www.yungayino.cl\/noticias\/?p=2436"},"modified":"2009-11-16T14:23:06","modified_gmt":"2009-11-16T18:23:06","slug":"6%c2%ba-interescolar-de-fotografia-universidad-andres-bello","status":"publish","type":"post","link":"https:\/\/www.yungayino.cl\/noticias\/?p=2436","title":{"rendered":"6\u00ba Interescolar de Fotograf\u00eda Universidad Andr\u00e9s Bello"},"content":{"rendered":"<p><img decoding=\"async\" src=\"http:\/\/www.yungayino.cl\/imagenes\/interescolarfotografia.jpg\" alt=\"6\u00ba Interescolar de Fotograf\u00eda Universidad Andr\u00e9s Bello\" \/><\/p>\n<p align=\"justify\"><font size=\"2\">El Alumno de 4\u00ba a\u00f1o medio del Colegio Cholgu\u00e1n Juan Carlos Sandoval, obtuvo el 2\u00ba lugar categor\u00eda color del 6\u00ba Interescolar de Fotograf\u00eda organizado por la Universidad Andr\u00e9s Bello. La premiaci\u00f3n se realiz\u00f3 en la Universidad Andr\u00e9s Bello de Santiago, en el presente mes. A la cual asistieron el alumno premiado y su profesor de Artes Sr. Carlos Crovetto.<br \/>\n<a href=\"http:\/\/www.yungayino.cl\/noticias\/?p=2436#comments\">Comente Aqu\u00ed<\/a><br \/>\n<a href=\"http:\/\/www.flickr.com\/photos\/40100662@N06\/4110013614\/\">Fotograf\u00eda Ganadora<\/a><\/font><\/p>\n","protected":false},"excerpt":{"rendered":"<p>El Alumno de 4\u00ba a\u00f1o medio del Colegio Cholgu\u00e1n Juan Carlos Sandoval, obtuvo el 2\u00ba lugar categor\u00eda color del 6\u00ba Interescolar de Fotograf\u00eda organizado por la Universidad Andr\u00e9s Bello. La premiaci\u00f3n se realiz\u00f3 en&#46;&#46;&#46;<\/p>\n","protected":false},"author":2,"featured_media":15161,"comment_status":"open","ping_status":"open","sticky":false,"template":"","format":"standard","meta":{"footnotes":""},"categories":[1],"tags":[87,102,1115,8,6],"class_list":["post-2436","post","type-post","status-publish","format-standard","has-post-thumbnail","hentry","category-noticias","tag-colegio-cholguan","tag-concurso-fotografia","tag-noticias","tag-yungay","tag-yungayino"],"_links":{"self":[{"href":"https:\/\/www.yungayino.cl\/noticias\/index.php?rest_route=\/wp\/v2\/posts\/2436","targetHints":{"allow":["GET"]}}],"collection":[{"href":"https:\/\/www.yungayino.cl\/noticias\/index.php?rest_route=\/wp\/v2\/posts"}],"about":[{"href":"https:\/\/www.yungayino.cl\/noticias\/index.php?rest_route=\/wp\/v2\/types\/post"}],"author":[{"embeddable":true,"href":"https:\/\/www.yungayino.cl\/noticias\/index.php?rest_route=\/wp\/v2\/users\/2"}],"replies":[{"embeddable":true,"href":"https:\/\/www.yungayino.cl\/noticias\/index.php?rest_route=%2Fwp%2Fv2%2Fcomments&post=2436"}],"version-history":[{"count":10,"href":"https:\/\/www.yungayino.cl\/noticias\/index.php?rest_route=\/wp\/v2\/posts\/2436\/revisions"}],"predecessor-version":[{"id":2446,"href":"https:\/\/www.yungayino.cl\/noticias\/index.php?rest_route=\/wp\/v2\/posts\/2436\/revisions\/2446"}],"wp:featuredmedia":[{"embeddable":true,"href":"https:\/\/www.yungayino.cl\/noticias\/index.php?rest_route=\/wp\/v2\/media\/15161"}],"wp:attachment":[{"href":"https:\/\/www.yungayino.cl\/noticias\/index.php?rest_route=%2Fwp%2Fv2%2Fmedia&parent=2436"}],"wp:term":[{"taxonomy":"category","embeddable":true,"href":"https:\/\/www.yungayino.cl\/noticias\/index.php?rest_route=%2Fwp%2Fv2%2Fcategories&post=2436"},{"taxonomy":"post_tag","embeddable":true,"href":"https:\/\/www.yungayino.cl\/noticias\/index.php?rest_route=%2Fwp%2Fv2%2Ftags&post=2436"}],"curies":[{"name":"wp","href":"https:\/\/api.w.org\/{rel}","templated":true}]}}