{"id":24367,"date":"2021-04-22T07:00:39","date_gmt":"2021-04-22T10:00:39","guid":{"rendered":"http:\/\/www.yungayino.cl\/noticias\/?p=24367"},"modified":"2021-04-20T20:31:17","modified_gmt":"2021-04-20T23:31:17","slug":"especialistas-del-servicio-de-salud-nuble-llaman-a-seguir-vacunandose-contra-el-covid-19","status":"publish","type":"post","link":"https:\/\/www.yungayino.cl\/noticias\/?p=24367","title":{"rendered":"Especialistas del Servicio de Salud \u00d1uble Llaman a Seguir Vacun\u00e1ndose Contra el Covid-19"},"content":{"rendered":"<p><img loading=\"lazy\" decoding=\"async\" class=\"alignnone size-full wp-image-24368\" src=\"http:\/\/www.yungayino.cl\/noticias\/wp-content\/uploads\/2021\/04\/6-1.jpg\" alt=\"\" width=\"700\" height=\"350\" srcset=\"https:\/\/www.yungayino.cl\/noticias\/wp-content\/uploads\/2021\/04\/6-1.jpg 700w, https:\/\/www.yungayino.cl\/noticias\/wp-content\/uploads\/2021\/04\/6-1-300x150.jpg 300w\" sizes=\"auto, (max-width: 700px) 100vw, 700px\" \/><\/p>\n<p style=\"text-align: justify;\">\u00d1uble, abril 2021: Equipos sanitarios concuerdan en que a medida que disminuyen las edades de inoculaci\u00f3n, se reduce tambi\u00e9n la velocidad del proceso. Por ello, desde la red asistencial destacan la importancia de acceder a la vacuna contra el coronavirus, que esta semana se est\u00e1 administrando a rezagados y personas entre 49 y 47 a\u00f1os.<\/p>\n<p style=\"text-align: justify;\">Reducir la posibilidad de sufrir la enfermedad de manera grave, disminuir las hospitalizaciones y el riesgo de fallecer son parte de los principales objetivos de la campa\u00f1a de vacunaci\u00f3n contra el COVID-19.<\/p>\n<p style=\"text-align: justify;\">Si bien en Chile el proceso avanza exitosamente, lo que ha permitido a los establecimientos de atenci\u00f3n primaria administrar m\u00e1s de 12 millones de dosis a nivel pa\u00eds y 422 mil dosis en \u00d1uble, especialistas del Servicio de Salud \u00d1uble (SS\u00d1) reforzaron la importancia de continuar accediendo a esta campa\u00f1a, que durante esta semana beneficiar\u00e1 a personas entre 47 y 49 a\u00f1os.<\/p>\n<p style=\"text-align: justify;\">Al respecto, el Director del SS\u00d1, Ricardo S\u00e1nchez, destac\u00f3 que \u201cel impacto de esta medida es muy importante y as\u00ed lo confirm\u00f3 el primer estudio sobre efectividad de la vacuna CoronaVac del Ministerio de Salud, que demostr\u00f3 que al d\u00eda 14 despu\u00e9s de la segunda dosis, previene en un 67% los s\u00edntomas del COVID-19; en un 85% la hospitalizaci\u00f3n; un 89% en el caso de quienes ingresan a la UCI y en un 80% previene la muerte. En t\u00e9rminos sencillos, hablamos que de 100 personas que hubiesen fallecido a causa de la enfermedad, lo har\u00e1n 20 si todos accedemos a la vacuna\u201d.<\/p>\n<p style=\"text-align: justify;\">\u201cSin duda, parte de estos efectos ya se est\u00e1n notando y lo vemos en el descenso de los pacientes mayores de 70 a\u00f1os que est\u00e1n ingresando a las Unidades de Cuidados Cr\u00edticos. Por ello, necesitamos que las personas sigan vacun\u00e1ndose, de acuerdo al calendario establecido por el Ministerio de Salud. El objetivo es que todas y todos estemos protegidos, para ello, junto con el autocuidado tambi\u00e9n debemos vacunarnos\u201d, a\u00f1adi\u00f3 el directivo.<\/p>\n<p style=\"text-align: justify;\"><strong>\u00a0<\/strong><\/p>\n<p style=\"text-align: justify;\"><strong>\u00a0<\/strong><strong>Estado de la red asistencial<\/strong><\/p>\n<p style=\"text-align: justify;\">Respecto del estado de los establecimientos de la red asistencial, el Subdirector de Gesti\u00f3n Asistencial del SS\u00d1, doctor Max Besser, explic\u00f3 que \u201cal d\u00eda de hoy, registramos un 12% de disponibilidad de camas cr\u00edticas para la atenci\u00f3n de pacientes con Covid-19; 137 personas est\u00e1n hospitalizadas; 65 en unidades de paciente cr\u00edtico y 41 conectadas a ventilaci\u00f3n mec\u00e1nica\u201d.<\/p>\n<p style=\"text-align: justify;\">\u201cSi bien, durante en los \u00faltimos diez d\u00edas hemos mantenido un promedio de 133 internados en los Hospitales de la Regi\u00f3n, este n\u00famero contin\u00faa siendo elevado y lo mismo ocurre con los pacientes que est\u00e1n graves. Por lo tanto, una vez m\u00e1s pedimos la colaboraci\u00f3n en el autocuidado de las familias\u201d, recalc\u00f3 el doctor Besser.<\/p>\n<p style=\"text-align: justify;\">El especialista puntualiz\u00f3 que junto con el lavado de manos, el uso de mascarilla, mantener la distancia f\u00edsica y ventilados los espacios, \u201cotro punto importante para contener la pandemia es la vacunaci\u00f3n, pero aqu\u00ed, debemos ser enf\u00e1ticos en se\u00f1alar que el s\u00f3lo hecho de inocularse no nos debe llevar a relajar las medidas de prevenci\u00f3n, porque si bien, usted puede vacunarse y evitar el desarrollo de la enfermedad de forma leve, puede contagiar a otra personas que s\u00ed puede presentar un cuadro grave\u201d.<\/p>\n<p style=\"text-align: justify;\">Respecto de los ex\u00e1menes procesados, se informaron los resultados de 1.625 muestras, con un 9% de positividad.<\/p>\n","protected":false},"excerpt":{"rendered":"<p>\u00d1uble, abril 2021: Equipos sanitarios concuerdan en que a medida que disminuyen las edades de inoculaci\u00f3n, se reduce tambi\u00e9n la velocidad del proceso. Por ello, desde la red asistencial destacan la importancia de acceder&#46;&#46;&#46;<\/p>\n","protected":false},"author":2,"featured_media":24368,"comment_status":"closed","ping_status":"open","sticky":false,"template":"","format":"standard","meta":{"footnotes":""},"categories":[1,1675],"tags":[1115,1678,65,8,6],"class_list":["post-24367","post","type-post","status-publish","format-standard","has-post-thumbnail","hentry","category-noticias","category-saludc","tag-noticias","tag-nuble","tag-salud","tag-yungay","tag-yungayino"],"_links":{"self":[{"href":"https:\/\/www.yungayino.cl\/noticias\/index.php?rest_route=\/wp\/v2\/posts\/24367","targetHints":{"allow":["GET"]}}],"collection":[{"href":"https:\/\/www.yungayino.cl\/noticias\/index.php?rest_route=\/wp\/v2\/posts"}],"about":[{"href":"https:\/\/www.yungayino.cl\/noticias\/index.php?rest_route=\/wp\/v2\/types\/post"}],"author":[{"embeddable":true,"href":"https:\/\/www.yungayino.cl\/noticias\/index.php?rest_route=\/wp\/v2\/users\/2"}],"replies":[{"embeddable":true,"href":"https:\/\/www.yungayino.cl\/noticias\/index.php?rest_route=%2Fwp%2Fv2%2Fcomments&post=24367"}],"version-history":[{"count":2,"href":"https:\/\/www.yungayino.cl\/noticias\/index.php?rest_route=\/wp\/v2\/posts\/24367\/revisions"}],"predecessor-version":[{"id":24370,"href":"https:\/\/www.yungayino.cl\/noticias\/index.php?rest_route=\/wp\/v2\/posts\/24367\/revisions\/24370"}],"wp:featuredmedia":[{"embeddable":true,"href":"https:\/\/www.yungayino.cl\/noticias\/index.php?rest_route=\/wp\/v2\/media\/24368"}],"wp:attachment":[{"href":"https:\/\/www.yungayino.cl\/noticias\/index.php?rest_route=%2Fwp%2Fv2%2Fmedia&parent=24367"}],"wp:term":[{"taxonomy":"category","embeddable":true,"href":"https:\/\/www.yungayino.cl\/noticias\/index.php?rest_route=%2Fwp%2Fv2%2Fcategories&post=24367"},{"taxonomy":"post_tag","embeddable":true,"href":"https:\/\/www.yungayino.cl\/noticias\/index.php?rest_route=%2Fwp%2Fv2%2Ftags&post=24367"}],"curies":[{"name":"wp","href":"https:\/\/api.w.org\/{rel}","templated":true}]}}