{"id":24371,"date":"2021-04-22T08:00:25","date_gmt":"2021-04-22T11:00:25","guid":{"rendered":"http:\/\/www.yungayino.cl\/noticias\/?p=24371"},"modified":"2021-04-20T20:33:01","modified_gmt":"2021-04-20T23:33:01","slug":"nuble-invitan-a-tomar-cursos-de-capacitacion-online-del-sence","status":"publish","type":"post","link":"https:\/\/www.yungayino.cl\/noticias\/?p=24371","title":{"rendered":"\u00d1uble: Invitan a Tomar Cursos de Capacitaci\u00f3n Online del Sence"},"content":{"rendered":"<p><img loading=\"lazy\" decoding=\"async\" class=\"alignnone size-full wp-image-24372\" src=\"http:\/\/www.yungayino.cl\/noticias\/wp-content\/uploads\/2021\/04\/7.jpg\" alt=\"\" width=\"700\" height=\"350\" srcset=\"https:\/\/www.yungayino.cl\/noticias\/wp-content\/uploads\/2021\/04\/7.jpg 700w, https:\/\/www.yungayino.cl\/noticias\/wp-content\/uploads\/2021\/04\/7-300x150.jpg 300w\" sizes=\"auto, (max-width: 700px) 100vw, 700px\" \/><\/p>\n<p style=\"text-align: justify;\">\u00d1uble, abril 2021: M\u00f3dulos gratuitos incluyen materias vinculadas a las \u00e1reas de salud, bienestar y sustentabilidad.<\/p>\n<p style=\"text-align: justify;\">Desde la cartera del Trabajo de \u00d1uble, invitaron a los trabajadores y estudiantes de \u00d1uble a tomar una serie de capacitaciones, en modalidad online, dictadas en el sitio web del Servicio Nacional de Capacitaci\u00f3n y Empleo (Sence), <strong><a href=\"http:\/\/www.sence.cl\">www.sence.cl<\/a><\/strong>.<\/p>\n<p style=\"text-align: justify;\">Los cursos son gratuitos y sin mayores requisitos de entrada, e incluyen materias vinculadas a las \u00e1reas de salud, bienestar y sustentabilidad, con m\u00f3dulos como \u201cResponsabilidad Digital\u201d, \u201cSeguridad e higiene en ambiente laboral\u201d y \u201cExperto (a) en Reciclaje\u201d, entre otros. Dichos cursos est\u00e1n disponibles gracias a convenios que ha firmado el servicio estatal con algunas de las gigantes tecnol\u00f3gicas del mundo, como, en este caso, Claro y la Fundaci\u00f3n Carlos Slim.<\/p>\n<p style=\"text-align: justify;\">\u201cDurante el a\u00f1o pasado el Sence puso a disposici\u00f3n m\u00faltiples capacitaciones a distancia dirigidas a diversos p\u00fablicos y \u00e1reas de desempe\u00f1o laboral, lo que fue muy atingente dada la situaci\u00f3n de pandemia que comenz\u00f3 en marzo de 2020. La idea es que las personas tengan a la mano estas herramientas que, por supuesto, les pueden dar mayores opciones de empleabilidad en rubros que actualmente tienen demanda\u201d, indic\u00f3 la seremi del Trabajo y Previsi\u00f3n Social de \u00d1uble, Yeniffer Ferrada.<\/p>\n<p style=\"text-align: justify;\">A nivel nacional, desde 2019, los cursos en l\u00ednea acumulan un total de 685.285 inscripciones. Del total de inscripciones, existen 319.062 participantes \u00fanicos de los cu\u00e1les el 52,3% son mujeres y el 47,7% son hombres<\/p>\n<p style=\"text-align: justify;\">El director regional del Sence, Rodolfo Zaror,\u00a0 explic\u00f3 que los programas que se han ido liberando en los \u00faltimos a\u00f1os \u201cse agrupan en cinco grandes \u00e1reas, las cuales son: Tecnolog\u00eda de la Informaci\u00f3n; Emprendimiento, Idiomas; Deberes, Derechos e Inclusi\u00f3n y Habilidades Transversales para el Siglo XXI. Esperamos llegar a un gran n\u00famero de personas y despertar inter\u00e9s en nuestra regi\u00f3n\u201d.<\/p>\n<p style=\"text-align: justify;\">Finalmente, Zaror adelant\u00f3 que \u201cseguiremos anunciando nuevos cursos y oportunidades para el mundo laboral de \u00d1uble, as\u00ed que el llamado es a estar atentos a la p\u00e1gina web y nuestras redes sociales\u201d.<\/p>\n","protected":false},"excerpt":{"rendered":"<p>\u00d1uble, abril 2021: M\u00f3dulos gratuitos incluyen materias vinculadas a las \u00e1reas de salud, bienestar y sustentabilidad. Desde la cartera del Trabajo de \u00d1uble, invitaron a los trabajadores y estudiantes de \u00d1uble a tomar una&#46;&#46;&#46;<\/p>\n","protected":false},"author":2,"featured_media":24372,"comment_status":"closed","ping_status":"open","sticky":false,"template":"","format":"standard","meta":{"footnotes":""},"categories":[1],"tags":[1115,1678,1602,8,6],"class_list":["post-24371","post","type-post","status-publish","format-standard","has-post-thumbnail","hentry","category-noticias","tag-noticias","tag-nuble","tag-sence","tag-yungay","tag-yungayino"],"_links":{"self":[{"href":"https:\/\/www.yungayino.cl\/noticias\/index.php?rest_route=\/wp\/v2\/posts\/24371","targetHints":{"allow":["GET"]}}],"collection":[{"href":"https:\/\/www.yungayino.cl\/noticias\/index.php?rest_route=\/wp\/v2\/posts"}],"about":[{"href":"https:\/\/www.yungayino.cl\/noticias\/index.php?rest_route=\/wp\/v2\/types\/post"}],"author":[{"embeddable":true,"href":"https:\/\/www.yungayino.cl\/noticias\/index.php?rest_route=\/wp\/v2\/users\/2"}],"replies":[{"embeddable":true,"href":"https:\/\/www.yungayino.cl\/noticias\/index.php?rest_route=%2Fwp%2Fv2%2Fcomments&post=24371"}],"version-history":[{"count":1,"href":"https:\/\/www.yungayino.cl\/noticias\/index.php?rest_route=\/wp\/v2\/posts\/24371\/revisions"}],"predecessor-version":[{"id":24373,"href":"https:\/\/www.yungayino.cl\/noticias\/index.php?rest_route=\/wp\/v2\/posts\/24371\/revisions\/24373"}],"wp:featuredmedia":[{"embeddable":true,"href":"https:\/\/www.yungayino.cl\/noticias\/index.php?rest_route=\/wp\/v2\/media\/24372"}],"wp:attachment":[{"href":"https:\/\/www.yungayino.cl\/noticias\/index.php?rest_route=%2Fwp%2Fv2%2Fmedia&parent=24371"}],"wp:term":[{"taxonomy":"category","embeddable":true,"href":"https:\/\/www.yungayino.cl\/noticias\/index.php?rest_route=%2Fwp%2Fv2%2Fcategories&post=24371"},{"taxonomy":"post_tag","embeddable":true,"href":"https:\/\/www.yungayino.cl\/noticias\/index.php?rest_route=%2Fwp%2Fv2%2Ftags&post=24371"}],"curies":[{"name":"wp","href":"https:\/\/api.w.org\/{rel}","templated":true}]}}