{"id":24374,"date":"2021-04-23T07:00:08","date_gmt":"2021-04-23T10:00:08","guid":{"rendered":"http:\/\/www.yungayino.cl\/noticias\/?p=24374"},"modified":"2021-04-20T20:36:04","modified_gmt":"2021-04-20T23:36:04","slug":"reiteran-llamado-a-emprendedores-de-nuble-a-unirse-al-visor-pymesdebarrio","status":"publish","type":"post","link":"https:\/\/www.yungayino.cl\/noticias\/?p=24374","title":{"rendered":"Reiteran Llamado a Emprendedores de \u00d1uble a Unirse al Visor #PymesDeBarrio"},"content":{"rendered":"<p><img loading=\"lazy\" decoding=\"async\" class=\"alignnone size-full wp-image-24375\" src=\"http:\/\/www.yungayino.cl\/noticias\/wp-content\/uploads\/2021\/04\/8-1.jpg\" alt=\"\" width=\"700\" height=\"350\" srcset=\"https:\/\/www.yungayino.cl\/noticias\/wp-content\/uploads\/2021\/04\/8-1.jpg 700w, https:\/\/www.yungayino.cl\/noticias\/wp-content\/uploads\/2021\/04\/8-1-300x150.jpg 300w\" sizes=\"auto, (max-width: 700px) 100vw, 700px\" \/><\/p>\n<p style=\"text-align: justify;\">\u00d1uble, abril 2021: Un llamado a inscribirse en la plataforma <strong>#PymesDeBarrio<\/strong> est\u00e1 realizando el Ministerio de Bienes Nacionales, en conjunto con el Ministerio de Econom\u00eda.<\/p>\n<p style=\"text-align: justify;\">La invitaci\u00f3n, seg\u00fan indic\u00f3 la Seremi de Bienes Nacionales en \u00d1uble Carolina Navarrete, es para todos los emprendedores de la regi\u00f3n que deseen promocionar, de forma gratuita sus productos, a trav\u00e9s del visor disponible en <a href=\"https:\/\/www.visorpymes.cl\/\"><strong>https:\/\/www.visorpymes.cl\/<\/strong><\/a>.<\/p>\n<p style=\"text-align: justify;\">\u201cQueremos invitar a todos aquellos microempresarios a unirse a esta importante plataforma online, que es una vitrina para que los \u00f1ublensinos muestren sus productos y puedan comercializarlos, tanto a nivel local como a nivel nacional\u201d, dijo la Seremi.<\/p>\n<p style=\"text-align: justify;\">La autoridad regional destac\u00f3 adem\u00e1s el hecho de que, este visor ha permitido a las pymes ya inscritas, fortalecer el proceso de digitalizaci\u00f3n para ampliar el volumen de ventas.<\/p>\n<p style=\"text-align: justify;\">\u201cA la fecha son m\u00e1s de 56 los emprendedores que han aceptado el desaf\u00edo de ser parte de esta comunidad virtual y eso es muy destacable, porque sabemos que para las pymes han sido meses dif\u00edciles. Sin embargo, esto a muchos les ha servido para reinventarse y buscar nuevas maneras de comercializar sus productos. Por lo mismo, con este visor podr\u00e1n fortalecer esta nueva forma de venta, ya que quienes deseen sus productos, podr\u00e1n contactarlos directamente\u201d, dijo.<\/p>\n<p style=\"text-align: justify;\">Por su parte, el Seremi de Econom\u00eda de \u00d1uble, Dalibor Franulic destac\u00f3 el hecho de que ya sean decenas las pymes de la regi\u00f3n inscritos en la plataforma.<\/p>\n<p style=\"text-align: justify;\">\u201cQuiero felicitar a los emprendedores que ya son parte del visor #PymesDeBarrio, porque han aprovechado esta iniciativa para fortalecerse y generar nuevos espacios que les permitan crecer. Es muy valorable el que busquen reinventarse en un per\u00edodo dif\u00edcil para la econom\u00eda del pa\u00eds, y como Ministerio de Econom\u00eda hemos trabajado en conjunto con Bienes Nacionales para darles una mano a todos ellos\u201d, dijo Franulic.<\/p>\n<p style=\"text-align: justify;\"><strong>\u00a0<\/strong><strong>\u00bfC\u00f3mo inscribirse?<\/strong><\/p>\n<p style=\"text-align: justify;\">Para poder estar presente en el Visor Pymes de Barrio, los emprendedores pueden inscribirse en <a href=\"https:\/\/www.visorpymes.cl\/\"><strong>https:\/\/www.visorpymes.cl<\/strong><\/a>\/\u00a0 donde deber\u00e1n llenar un formulario.<\/p>\n<p style=\"text-align: justify;\">La inscripci\u00f3n es gratuita y es necesario que las pymes tengan iniciaci\u00f3n de actividades en el Servicio de Impuestos Internos y que cuenten con un punto de despacho para su mercader\u00eda.<\/p>\n<p style=\"text-align: justify;\">Adem\u00e1s, deben cumplir con uno de los siguientes requisitos: venta y pago en l\u00ednea, p\u00e1gina web o redes sociales con informaci\u00f3n de sus productos, tel\u00e9fono o WhatsApp.<\/p>\n<p style=\"text-align: justify;\">Los cupos son ilimitados y abarcan todo el territorio nacional.<\/p>\n","protected":false},"excerpt":{"rendered":"<p>\u00d1uble, abril 2021: Un llamado a inscribirse en la plataforma #PymesDeBarrio est\u00e1 realizando el Ministerio de Bienes Nacionales, en conjunto con el Ministerio de Econom\u00eda. La invitaci\u00f3n, seg\u00fan indic\u00f3 la Seremi de Bienes Nacionales&#46;&#46;&#46;<\/p>\n","protected":false},"author":2,"featured_media":24375,"comment_status":"closed","ping_status":"open","sticky":false,"template":"","format":"standard","meta":{"footnotes":""},"categories":[1],"tags":[1115,1678,2477,8,6],"class_list":["post-24374","post","type-post","status-publish","format-standard","has-post-thumbnail","hentry","category-noticias","tag-noticias","tag-nuble","tag-pymes-de-barrio","tag-yungay","tag-yungayino"],"_links":{"self":[{"href":"https:\/\/www.yungayino.cl\/noticias\/index.php?rest_route=\/wp\/v2\/posts\/24374","targetHints":{"allow":["GET"]}}],"collection":[{"href":"https:\/\/www.yungayino.cl\/noticias\/index.php?rest_route=\/wp\/v2\/posts"}],"about":[{"href":"https:\/\/www.yungayino.cl\/noticias\/index.php?rest_route=\/wp\/v2\/types\/post"}],"author":[{"embeddable":true,"href":"https:\/\/www.yungayino.cl\/noticias\/index.php?rest_route=\/wp\/v2\/users\/2"}],"replies":[{"embeddable":true,"href":"https:\/\/www.yungayino.cl\/noticias\/index.php?rest_route=%2Fwp%2Fv2%2Fcomments&post=24374"}],"version-history":[{"count":3,"href":"https:\/\/www.yungayino.cl\/noticias\/index.php?rest_route=\/wp\/v2\/posts\/24374\/revisions"}],"predecessor-version":[{"id":24378,"href":"https:\/\/www.yungayino.cl\/noticias\/index.php?rest_route=\/wp\/v2\/posts\/24374\/revisions\/24378"}],"wp:featuredmedia":[{"embeddable":true,"href":"https:\/\/www.yungayino.cl\/noticias\/index.php?rest_route=\/wp\/v2\/media\/24375"}],"wp:attachment":[{"href":"https:\/\/www.yungayino.cl\/noticias\/index.php?rest_route=%2Fwp%2Fv2%2Fmedia&parent=24374"}],"wp:term":[{"taxonomy":"category","embeddable":true,"href":"https:\/\/www.yungayino.cl\/noticias\/index.php?rest_route=%2Fwp%2Fv2%2Fcategories&post=24374"},{"taxonomy":"post_tag","embeddable":true,"href":"https:\/\/www.yungayino.cl\/noticias\/index.php?rest_route=%2Fwp%2Fv2%2Ftags&post=24374"}],"curies":[{"name":"wp","href":"https:\/\/api.w.org\/{rel}","templated":true}]}}