{"id":24391,"date":"2021-04-26T07:00:47","date_gmt":"2021-04-26T10:00:47","guid":{"rendered":"http:\/\/www.yungayino.cl\/noticias\/?p=24391"},"modified":"2021-04-25T17:41:35","modified_gmt":"2021-04-25T20:41:35","slug":"51-anos-es-el-promedio-de-edad-de-las-personas-hospitalizadas-en-uci","status":"publish","type":"post","link":"https:\/\/www.yungayino.cl\/noticias\/?p=24391","title":{"rendered":"51 A\u00f1os es el Promedio de Edad de las Personas Hospitalizadas en UCI"},"content":{"rendered":"<p><img loading=\"lazy\" decoding=\"async\" class=\"alignnone size-full wp-image-24392\" src=\"http:\/\/www.yungayino.cl\/noticias\/wp-content\/uploads\/2021\/04\/3-2.jpg\" alt=\"\" width=\"700\" height=\"350\" srcset=\"https:\/\/www.yungayino.cl\/noticias\/wp-content\/uploads\/2021\/04\/3-2.jpg 700w, https:\/\/www.yungayino.cl\/noticias\/wp-content\/uploads\/2021\/04\/3-2-300x150.jpg 300w\" sizes=\"auto, (max-width: 700px) 100vw, 700px\" \/><\/p>\n<p style=\"text-align: justify;\">Nuble, abril 2021: Un nuevo balance de la red asistencial realizaron autoridades de la Regi\u00f3n en el marco de la pandemia del Covid-19. En la instancia se inform\u00f3 un 17% de disponibilidad de camas cr\u00edticas para la atenci\u00f3n de personas con coronavirus.<\/p>\n<p style=\"text-align: justify;\">Uno de los datos que preocupa es la constante disminuci\u00f3n en la edad de las personas que ingresan a las Unidades de Cuidados Cr\u00edticos, (UCI) promedio que se encuentra en los 51 a\u00f1os.<\/p>\n<p style=\"text-align: justify;\">En este contexto, el Intendente de \u00d1uble, Crist\u00f3bal Jard\u00faa, explic\u00f3 que: \u201cHoy las cifras respaldan la efectividad y eficacia de las vacunas que como Gobierno estamos administrando en todo el pa\u00eds, para combatir la pandemia de Coronavirus. En nuestra regi\u00f3n, el 76% de los pacientes que se encuentran hospitalizados en la Unidad de Cuidados Intensivos Covid, pertenecen al rango etario en que menos porcentaje de vacunados tenemos, de los 59 a\u00f1os hacia abajo, por eso el llamado m\u00e1s que nunca, es a asistir a los centros de vacunaci\u00f3n que hay en cada una de la comunas, pueden revisar la informaci\u00f3n en <a href=\"https:\/\/www.gob.cl\/yomevacuno\/\"><strong>www.gob.cl\/yomevacuno<\/strong><\/a>\u201d.<\/p>\n<p style=\"text-align: justify;\">\u201cEste domingo nuevamente recibiremos dosis de la vacuna Pfizer, adem\u00e1s de las primeras 2.400 dosis de la vacuna AstraZeneca. El llamado a todos es asistir a los vacunatorios, de acuerdo al calendario, tenemos en nuestra regi\u00f3n a un 46,4% de la poblaci\u00f3n vacunada con ambas dosis\u201d, a\u00f1adi\u00f3 la m\u00e1xima autoridad regional.<\/p>\n<p style=\"text-align: justify;\"><strong>122 personas contin\u00faan internadas por coronavirus<\/strong><\/p>\n<p style=\"text-align: justify;\">Durante la jornada, el Director del Servicio de Salud \u00d1uble, Ricardo S\u00e1nchez, inform\u00f3 que \u201choy 122 personas se encuentran hospitalizadas a causa del coronavirus; 61 en Unidades de Paciente Cr\u00edtico; 48 en camas UCI y 43 conectadas a ventilaci\u00f3n mec\u00e1nica\u201d.<\/p>\n<p style=\"text-align: justify;\">\u201cSeguimos viendo con preocupaci\u00f3n c\u00f3mo los casos nuevos a nivel regional no logran un descenso significativo. Esto evidentemente tensiona a nuestra red asistencial y a los equipos de salud que est\u00e1n trabajando a m\u00e1xima capacidad para brindar salud a las familias de la Regi\u00f3n\u201d, recalc\u00f3 S\u00e1nchez.<\/p>\n<p style=\"text-align: justify;\">El profesional insisti\u00f3 que \u201cen este nuevo fin de semana, invitamos a las personas a continuar siendo responsables con el cuidado de su salud, apliquemos todas las medidas de prevenci\u00f3n, pero tambi\u00e9n, acudamos a vacunarnos contra el Covid-19 cuando nos corresponda. Estas acciones son claves para frenar la pandemia\u201d.<\/p>\n<p style=\"text-align: justify;\">Respecto de los ex\u00e1menes procesados, se inform\u00f3 el resultado de 1.182 muestras, con un 13% de positividad diaria.<\/p>\n","protected":false},"excerpt":{"rendered":"<p>Nuble, abril 2021: Un nuevo balance de la red asistencial realizaron autoridades de la Regi\u00f3n en el marco de la pandemia del Covid-19. En la instancia se inform\u00f3 un 17% de disponibilidad de camas&#46;&#46;&#46;<\/p>\n","protected":false},"author":2,"featured_media":24392,"comment_status":"closed","ping_status":"open","sticky":false,"template":"","format":"standard","meta":{"footnotes":""},"categories":[1,1675],"tags":[1115,65,8,6,117],"class_list":["post-24391","post","type-post","status-publish","format-standard","has-post-thumbnail","hentry","category-noticias","category-saludc","tag-noticias","tag-salud","tag-yungay","tag-yungayino","tag-yungayinocl"],"_links":{"self":[{"href":"https:\/\/www.yungayino.cl\/noticias\/index.php?rest_route=\/wp\/v2\/posts\/24391","targetHints":{"allow":["GET"]}}],"collection":[{"href":"https:\/\/www.yungayino.cl\/noticias\/index.php?rest_route=\/wp\/v2\/posts"}],"about":[{"href":"https:\/\/www.yungayino.cl\/noticias\/index.php?rest_route=\/wp\/v2\/types\/post"}],"author":[{"embeddable":true,"href":"https:\/\/www.yungayino.cl\/noticias\/index.php?rest_route=\/wp\/v2\/users\/2"}],"replies":[{"embeddable":true,"href":"https:\/\/www.yungayino.cl\/noticias\/index.php?rest_route=%2Fwp%2Fv2%2Fcomments&post=24391"}],"version-history":[{"count":3,"href":"https:\/\/www.yungayino.cl\/noticias\/index.php?rest_route=\/wp\/v2\/posts\/24391\/revisions"}],"predecessor-version":[{"id":24395,"href":"https:\/\/www.yungayino.cl\/noticias\/index.php?rest_route=\/wp\/v2\/posts\/24391\/revisions\/24395"}],"wp:featuredmedia":[{"embeddable":true,"href":"https:\/\/www.yungayino.cl\/noticias\/index.php?rest_route=\/wp\/v2\/media\/24392"}],"wp:attachment":[{"href":"https:\/\/www.yungayino.cl\/noticias\/index.php?rest_route=%2Fwp%2Fv2%2Fmedia&parent=24391"}],"wp:term":[{"taxonomy":"category","embeddable":true,"href":"https:\/\/www.yungayino.cl\/noticias\/index.php?rest_route=%2Fwp%2Fv2%2Fcategories&post=24391"},{"taxonomy":"post_tag","embeddable":true,"href":"https:\/\/www.yungayino.cl\/noticias\/index.php?rest_route=%2Fwp%2Fv2%2Ftags&post=24391"}],"curies":[{"name":"wp","href":"https:\/\/api.w.org\/{rel}","templated":true}]}}