{"id":24396,"date":"2021-04-26T08:00:45","date_gmt":"2021-04-26T11:00:45","guid":{"rendered":"http:\/\/www.yungayino.cl\/noticias\/?p=24396"},"modified":"2021-04-25T17:47:16","modified_gmt":"2021-04-25T20:47:16","slug":"diguillin-despliegan-operativos-para-postulaciones-al-ife-ampliado","status":"publish","type":"post","link":"https:\/\/www.yungayino.cl\/noticias\/?p=24396","title":{"rendered":"Diguill\u00edn: Despliegan Operativos Para Postulaciones al IFE Ampliado"},"content":{"rendered":"<p><img loading=\"lazy\" decoding=\"async\" class=\"alignnone size-full wp-image-24397\" src=\"http:\/\/www.yungayino.cl\/noticias\/wp-content\/uploads\/2021\/04\/4-4.jpg\" alt=\"\" width=\"700\" height=\"350\" srcset=\"https:\/\/www.yungayino.cl\/noticias\/wp-content\/uploads\/2021\/04\/4-4.jpg 700w, https:\/\/www.yungayino.cl\/noticias\/wp-content\/uploads\/2021\/04\/4-4-300x150.jpg 300w\" sizes=\"auto, (max-width: 700px) 100vw, 700px\" \/><\/p>\n<p style=\"text-align: justify;\">Diguill\u00edn, abril 2021: En dependencias del Terminal Hortofrut\u00edcola de Chill\u00e1n la Gobernaci\u00f3n de Diguill\u00edn da comienzo a una semana de despliegue por comunas de la provincia para facilitar la postulaci\u00f3n al Ingreso Familiar de Emergencia Ampliado, por parte de quienes a\u00fan no han solicitado dicho beneficio anunciado por el Gobierno de Chile, y que estar\u00e1 abierto hasta el viernes 30 de abril.<\/p>\n<p style=\"text-align: justify;\">\u201cComo Gobierno nuestro objetivo es llegar al m\u00e1ximo de beneficiarios posibles, a trav\u00e9s del Ingreso Familiar de Emergencia ampliado que present\u00f3 el Presidente Pi\u00f1era, y para eso, sacamos al Gobierno a terreno, con diferentes operativos, con todas las normas sanitarias, a los largo de la regi\u00f3n. En \u00d1uble son 122 mil 341 beneficiarios autom\u00e1ticos del IFE, y actualmente un 62,3% del total de beneficiarios, lo ha solicitado, y es ese n\u00famero que queremos en \u00d1uble llegar al cien por ciento\u201d, coment\u00f3 el Intendente de \u00d1uble Crist\u00f3bal Jardua.<\/p>\n<p style=\"text-align: justify;\">Por su parte el Gobernador de Diguill\u00edn Roger Cisterna, junto con destacar que m\u00e1s de 70 personas fueron atendidas en el operativo de este s\u00e1bado, agreg\u00f3 que \u00aba nivel regional en este nuevo proceso de postulaci\u00f3n, de acuerdo a cifras del Ministerio de Desarrollo Social y Familia, hasta la tarde de este viernes a\u00fan no sum\u00e1bamos 6 mil personas que han requerido este beneficio, por lo que enfatizamos el llamado a aprovecharlo, mientras que por nuestra parte ayudaremos acercando a funcionarios en terreno para que concreten sus solicitudes\u00bb.<\/p>\n<p style=\"text-align: justify;\">En tanto la Seremi de Desarrollo Social y Familia de \u00d1uble Doris Osses, complement\u00f3 que \u00abel Ingreso Familiar de Emergencia se seguir\u00e1 pagando en abril, mayo y junio, pero ahora permitir\u00e1 un ingreso de $100 mil pesos por integrante del hogar y se pagar\u00e1 sin ning\u00fan requisito al 80% de familias m\u00e1s vulnerables, que est\u00e1n inscritas en el Registro Social de Hogares\u00bb.<\/p>\n<p style=\"text-align: justify;\">Tambi\u00e9n se hicieron presentes en la jornada la Seremi del Trabajo y Previsi\u00f3n Social Yeniffer Ferrada,\u00a0 la Seremi de Justicia y Derechos Humanos Jacqueline Gu\u00ed\u00f1ez, Vocer\u00eda \u00d1uble Ra\u00fal Mart\u00ednez, adem\u00e1s del director regional del IPS Eduardo Novoa y el director regional de Injuv Fahd Hidd.<\/p>\n<p style=\"text-align: justify;\">La Gobernaci\u00f3n de Diguill\u00edn tendr\u00e1 operativos de 09.00 a 12.30 horas con apoyo de funcionarios de servicios de Gobierno, as\u00ed como con la Dideco de la Municipalidad de Chill\u00e1n en sectores de la capital regional, y contar con un mayor n\u00famero de personas a disposici\u00f3n de la comunidad, mientras que en paralelo las otras Gobernaciones y servicios har\u00e1n lo propio en distintas comunas de \u00d1uble.<\/p>\n<p style=\"text-align: justify;\"><strong>Calendario Operativos Postulaci\u00f3n IFE Ampliado y Clave \u00danica Gobernaci\u00f3n de Diguill\u00edn:<\/strong><\/p>\n<p style=\"text-align: justify;\"><strong>Lunes 26<\/strong>, Feria Libre Mercado Municipal de Chill\u00e1n (Avda. Arturo Prat).<\/p>\n<p style=\"text-align: justify;\"><strong>Martes 27<\/strong>, Paseo Peatonal de Bulnes.<\/p>\n<p style=\"text-align: justify;\"><strong>Mi\u00e9rcoles 28<\/strong>, Sede Junta de Vecinos Luis Cruz Mart\u00ednez, Chill\u00e1n.<\/p>\n<p style=\"text-align: justify;\"><strong>Jueves 29<\/strong>, San Ignacio.<\/p>\n<p style=\"text-align: justify;\"><strong>Viernes 30<\/strong>, Pemuco.<\/p>\n<p style=\"text-align: justify;\">Recordar que las postulaciones al beneficio se realizan en el sitio web <strong><a href=\"https:\/\/www.ingresodeemergencia.cl\/\">www.ingresodeemergencia.cl<\/a><\/strong>.<\/p>\n","protected":false},"excerpt":{"rendered":"<p>Diguill\u00edn, abril 2021: En dependencias del Terminal Hortofrut\u00edcola de Chill\u00e1n la Gobernaci\u00f3n de Diguill\u00edn da comienzo a una semana de despliegue por comunas de la provincia para facilitar la postulaci\u00f3n al Ingreso Familiar de&#46;&#46;&#46;<\/p>\n","protected":false},"author":2,"featured_media":24397,"comment_status":"closed","ping_status":"open","sticky":false,"template":"","format":"standard","meta":{"footnotes":""},"categories":[1],"tags":[1115,8,6,117],"class_list":["post-24396","post","type-post","status-publish","format-standard","has-post-thumbnail","hentry","category-noticias","tag-noticias","tag-yungay","tag-yungayino","tag-yungayinocl"],"_links":{"self":[{"href":"https:\/\/www.yungayino.cl\/noticias\/index.php?rest_route=\/wp\/v2\/posts\/24396","targetHints":{"allow":["GET"]}}],"collection":[{"href":"https:\/\/www.yungayino.cl\/noticias\/index.php?rest_route=\/wp\/v2\/posts"}],"about":[{"href":"https:\/\/www.yungayino.cl\/noticias\/index.php?rest_route=\/wp\/v2\/types\/post"}],"author":[{"embeddable":true,"href":"https:\/\/www.yungayino.cl\/noticias\/index.php?rest_route=\/wp\/v2\/users\/2"}],"replies":[{"embeddable":true,"href":"https:\/\/www.yungayino.cl\/noticias\/index.php?rest_route=%2Fwp%2Fv2%2Fcomments&post=24396"}],"version-history":[{"count":2,"href":"https:\/\/www.yungayino.cl\/noticias\/index.php?rest_route=\/wp\/v2\/posts\/24396\/revisions"}],"predecessor-version":[{"id":24399,"href":"https:\/\/www.yungayino.cl\/noticias\/index.php?rest_route=\/wp\/v2\/posts\/24396\/revisions\/24399"}],"wp:featuredmedia":[{"embeddable":true,"href":"https:\/\/www.yungayino.cl\/noticias\/index.php?rest_route=\/wp\/v2\/media\/24397"}],"wp:attachment":[{"href":"https:\/\/www.yungayino.cl\/noticias\/index.php?rest_route=%2Fwp%2Fv2%2Fmedia&parent=24396"}],"wp:term":[{"taxonomy":"category","embeddable":true,"href":"https:\/\/www.yungayino.cl\/noticias\/index.php?rest_route=%2Fwp%2Fv2%2Fcategories&post=24396"},{"taxonomy":"post_tag","embeddable":true,"href":"https:\/\/www.yungayino.cl\/noticias\/index.php?rest_route=%2Fwp%2Fv2%2Ftags&post=24396"}],"curies":[{"name":"wp","href":"https:\/\/api.w.org\/{rel}","templated":true}]}}