{"id":24424,"date":"2021-05-03T16:00:13","date_gmt":"2021-05-03T19:00:13","guid":{"rendered":"http:\/\/www.yungayino.cl\/noticias\/?p=24424"},"modified":"2021-05-03T16:36:57","modified_gmt":"2021-05-03T19:36:57","slug":"tras-un-convenio-entre-la-fundacion-y-biblioredes-biblioteca-de-las-mujeres-de-prodemu-se-une-a-la-red-de-bibliotecas-publicas","status":"publish","type":"post","link":"https:\/\/www.yungayino.cl\/noticias\/?p=24424","title":{"rendered":"Tras un Convenio Entre la Fundaci\u00f3n y Biblioredes: \u201cBiblioteca de las Mujeres\u201d de PRODEMU se Une a la Red de Bibliotecas P\u00fablicas"},"content":{"rendered":"<p><img loading=\"lazy\" decoding=\"async\" class=\"alignnone size-full wp-image-24425\" src=\"http:\/\/www.yungayino.cl\/noticias\/wp-content\/uploads\/2021\/05\/2-1.jpg\" alt=\"\" width=\"700\" height=\"350\" srcset=\"https:\/\/www.yungayino.cl\/noticias\/wp-content\/uploads\/2021\/05\/2-1.jpg 700w, https:\/\/www.yungayino.cl\/noticias\/wp-content\/uploads\/2021\/05\/2-1-300x150.jpg 300w\" sizes=\"auto, (max-width: 700px) 100vw, 700px\" \/><\/p>\n<p style=\"text-align: justify;\">Nacional, mayo 2021: PRODEMU y el Servicio Nacional de Bibliotecas P\u00fablicas realizaron el conversatorio \u201cIgualdad de participaci\u00f3n de las Mujeres en la Cultura \u00bb para profundizar sobre c\u00f3mo las brechas de g\u00e9nero en la cultura han afectado el conocimiento que se tiene de las autoras y de las obras hechas por ellas. Actividad que se realiz\u00f3 para destacar un importante hito, ya que la \u201cBiblioteca de las Mujeres\u201d de PRODEMU se convierte oficialmente en la biblioteca p\u00fablica N\u00b0562.<\/p>\n<p style=\"text-align: justify;\">La <strong>\u201cBiblioteca de las mujeres\u201d<\/strong> est\u00e1 ubicada en la oficina central de PRODEMU, en calle Agustinas 1389, Santiago, y gracias a la alianza con Biblioredes ser\u00e1 parte de las 425 bibliotecas p\u00fablicas que actualmente hay en el pa\u00eds, desde Visviri a Puerto Williams, incluyendo los territorios insulares.<\/p>\n<p style=\"text-align: justify;\">El moderador de este conversatorio fue el director del Servicio Nacional de Patrimonio Cultural, Carlos Maillet Ar\u00e1nguiz, y cont\u00f3 con dos importantes invitadas, la destacada poeta nacional Gladys Gonz\u00e1lez Sol\u00eds y la directora nacional de PRODEMU, Paola Diez, quienes dialogaron y reflexionaron en c\u00f3mo avanzar hacia una mayor igualdad de escritoras, presencia de tem\u00e1ticas de g\u00e9nero y promoci\u00f3n de nuevas voces femeninas en la cultura.<\/p>\n<p style=\"text-align: justify;\">La poeta y doctora en filosof\u00eda y letras Gladys Gonz\u00e1lez se\u00f1al\u00f3 que \u00abes vital realizar un reensamblaje hist\u00f3rico de la incidencia de las mujeres y disidencias en el \u00e1mbito literario. Existen mujeres precursoras en la edici\u00f3n, la novela, el ensayo que deben ser parte de la narrativa nacional oficial\u00bb.<\/p>\n<p style=\"text-align: justify;\">Por otra parte, la directora nacional de PRODEMU coment\u00f3 que \u201cson tantas las obligaciones que tenemos que cumplir que no tenemos un espacio para la cultura, para pintar, escribir o leer. El espacio propio es necesario para nuestro empoderamiento y a trav\u00e9s de ese espacio ponemos l\u00edmites a los otros, colaboramos con los dem\u00e1s. Un espacio de ocio apunta a que las mujeres tengan acceso a la cultura\u201d.<\/p>\n<p style=\"text-align: justify;\">Carlos Maillet\u00a0 concluy\u00f3 que \u00abla participaci\u00f3n femenina en la historia de la literatura chilena y latinoamericana ha sido fundamental. Nuestro mejor ejemplo es Gabriela Mistral, cuya obra hoy podemos conocer en profundidad gracias a su obra reunida, que es parte de la colecci\u00f3n de la Biblioteca P\u00fablica Digital\u00bb.<\/p>\n<p style=\"text-align: justify;\">Cabe destacar que, las brechas no s\u00f3lo existen en t\u00e9rminos de remuneraciones, tambi\u00e9n de reconocimiento y valoraci\u00f3n. Un ejemplo de ello es la baja presencia de artistas mujeres en colecciones p\u00fablicas de arte y que s\u00f3lo cinco de los 26 Premios Nacionales de Arte han sido otorgados a mujeres.<\/p>\n<p style=\"text-align: justify;\">La directora regional de PRODEMU, Mar\u00eda Cecilia Varas Benavente, invita a las mujeres y hombres de \u00d1uble a visitar el cat\u00e1logo de la Biblioteca de las Mujeres y a inscribirse como socias y socios en el siguiente link <a href=\"http:\/\/www.bibliotecadelasmujeres.cl\/\">http:\/\/www.bibliotecadelasmujeres.cl\/<\/a><\/p>\n","protected":false},"excerpt":{"rendered":"<p>Nacional, mayo 2021: PRODEMU y el Servicio Nacional de Bibliotecas P\u00fablicas realizaron el conversatorio \u201cIgualdad de participaci\u00f3n de las Mujeres en la Cultura \u00bb para profundizar sobre c\u00f3mo las brechas de g\u00e9nero en la&#46;&#46;&#46;<\/p>\n","protected":false},"author":2,"featured_media":24425,"comment_status":"closed","ping_status":"open","sticky":false,"template":"","format":"standard","meta":{"footnotes":""},"categories":[1],"tags":[2479,1115,1678,500,8,6,117],"class_list":["post-24424","post","type-post","status-publish","format-standard","has-post-thumbnail","hentry","category-noticias","tag-biblioteca-de-la-mujer","tag-noticias","tag-nuble","tag-prodemu","tag-yungay","tag-yungayino","tag-yungayinocl"],"_links":{"self":[{"href":"https:\/\/www.yungayino.cl\/noticias\/index.php?rest_route=\/wp\/v2\/posts\/24424","targetHints":{"allow":["GET"]}}],"collection":[{"href":"https:\/\/www.yungayino.cl\/noticias\/index.php?rest_route=\/wp\/v2\/posts"}],"about":[{"href":"https:\/\/www.yungayino.cl\/noticias\/index.php?rest_route=\/wp\/v2\/types\/post"}],"author":[{"embeddable":true,"href":"https:\/\/www.yungayino.cl\/noticias\/index.php?rest_route=\/wp\/v2\/users\/2"}],"replies":[{"embeddable":true,"href":"https:\/\/www.yungayino.cl\/noticias\/index.php?rest_route=%2Fwp%2Fv2%2Fcomments&post=24424"}],"version-history":[{"count":1,"href":"https:\/\/www.yungayino.cl\/noticias\/index.php?rest_route=\/wp\/v2\/posts\/24424\/revisions"}],"predecessor-version":[{"id":24426,"href":"https:\/\/www.yungayino.cl\/noticias\/index.php?rest_route=\/wp\/v2\/posts\/24424\/revisions\/24426"}],"wp:featuredmedia":[{"embeddable":true,"href":"https:\/\/www.yungayino.cl\/noticias\/index.php?rest_route=\/wp\/v2\/media\/24425"}],"wp:attachment":[{"href":"https:\/\/www.yungayino.cl\/noticias\/index.php?rest_route=%2Fwp%2Fv2%2Fmedia&parent=24424"}],"wp:term":[{"taxonomy":"category","embeddable":true,"href":"https:\/\/www.yungayino.cl\/noticias\/index.php?rest_route=%2Fwp%2Fv2%2Fcategories&post=24424"},{"taxonomy":"post_tag","embeddable":true,"href":"https:\/\/www.yungayino.cl\/noticias\/index.php?rest_route=%2Fwp%2Fv2%2Ftags&post=24424"}],"curies":[{"name":"wp","href":"https:\/\/api.w.org\/{rel}","templated":true}]}}