{"id":24427,"date":"2021-05-04T07:00:53","date_gmt":"2021-05-04T10:00:53","guid":{"rendered":"http:\/\/www.yungayino.cl\/noticias\/?p=24427"},"modified":"2021-05-03T16:39:55","modified_gmt":"2021-05-03T19:39:55","slug":"en-nuble-buscan-incentivar-el-oficio-de-la-cesteria-en-pita","status":"publish","type":"post","link":"https:\/\/www.yungayino.cl\/noticias\/?p=24427","title":{"rendered":"En \u00d1uble Buscan Incentivar el Oficio de la Cester\u00eda en Pita"},"content":{"rendered":"<p><img loading=\"lazy\" decoding=\"async\" class=\"alignnone size-full wp-image-24428\" src=\"http:\/\/www.yungayino.cl\/noticias\/wp-content\/uploads\/2021\/05\/3.jpg\" alt=\"\" width=\"700\" height=\"350\" srcset=\"https:\/\/www.yungayino.cl\/noticias\/wp-content\/uploads\/2021\/05\/3.jpg 700w, https:\/\/www.yungayino.cl\/noticias\/wp-content\/uploads\/2021\/05\/3-300x150.jpg 300w\" sizes=\"auto, (max-width: 700px) 100vw, 700px\" \/><\/p>\n<p style=\"text-align: justify;\">\u00d1uble, mayo 2021: <strong>\u201cExperiencias de Cester\u00eda en \u00d1uble, Traspaso de T\u00e9cnicas en fibra Vegetal\u201d<\/strong> es el nombre del proyecto que tiene como objetivo facilitar saberes en torno a este oficio tradicional y que es financiado por el Fondo Nacional de Desarrollo Cultural y las Artes del Ministerio de las Culturas, las Artes y el Patrimonio, Convocatoria 2021. Se espera que quienes participen de la iniciativa logren reconocer el oficio, su importancia cultural y ecol\u00f3gica, a trav\u00e9s de la confecci\u00f3n de objetos dise\u00f1ados, de uso cotidiano, que motiven al tejido y a la creaci\u00f3n, difundiendo el material Pita y su potencial como sustituto de objetos pl\u00e1sticos.<\/p>\n<p style=\"text-align: justify;\">Para la seremi de las Culturas, las Artes y el Patrimonio de la Regi\u00f3n de \u00d1uble, Mar\u00eda Soledad Castro, \u201ciniciativas como este proyecto Fondart son importantes para la salvaguardia de nuestro patrimonio cultural inmaterial de \u00d1uble porque permiten traspasar saberes y tradiciones populares y, con ello, ayudan a proteger estilos de vida que conversan mucho mejor con el cuidado de los entornos naturales que dan origen a nuestra identidad como \u00f1ublensinos\u201d.<\/p>\n<p style=\"text-align: justify;\">Seg\u00fan las investigaciones y experiencias del equipo profesional de la propuesta cultural, la pita es una planta de la cual se tiene registro en Chile, principalmente en territorios rurales, de la zona centro y sur del pa\u00eds, donde sus habitantes han desarrollado expresiones art\u00edsticas con el uso de la fibra vegetal obtenida de esta planta. Da cuenta de lo anterior, la presencia de artesan\u00edas y objetos dise\u00f1ados que son posibles de encontrar en Teno, Coelemu, Hualqui, Valdivia, adem\u00e1s de otros lugares. En particular en la Regi\u00f3n de \u00d1uble, existen antecedentes de artesanos\/as que han dedicado gran parte de su vida al oficio de la cester\u00eda en pita y que tienen inter\u00e9s por compartir sus saberes, por ejemplo, la artesana Alba Ruiz Torres, de Guarilihue, quien lleva 25 a\u00f1os tejiendo canastos, paneras y posavasos.<\/p>\n<p style=\"text-align: justify;\">Natalia V\u00e1squez, quien dirige la propuesta, explica que con su ejecuci\u00f3n tambi\u00e9n esperan \u201cvincular a participantes con los artesanos destacados de diferentes comunas de la regi\u00f3n, de manera de crear lazos que puedan continuar en el tiempo. Asimismo, motivar a estudiantes, creadores y\/o artesanas\/os, en donde exista disponibilidad de la materia prima Pita, a la creaci\u00f3n posible\u201d.<\/p>\n<p style=\"text-align: justify;\">El traspaso de las t\u00e9cnicas del oficio comienza en <strong>junio<\/strong> con <strong>los talleres en l\u00ednea<\/strong>, a los cuales se invita a la comunidad de la <strong>Regi\u00f3n de \u00d1uble<\/strong> a <strong>inscribirse<\/strong> a trav\u00e9s de la p\u00e1gina en <strong>Facebook \u2018Pita en la creaci\u00f3n de artesan\u00eda\u2019<\/strong>, <strong>hasta el 24 de mayo<\/strong>. Las sesiones de formaci\u00f3n inician con el abordaje de contenidos en torno a la artesan\u00eda en general, antecedentes de la fibra vegetal en el mundo, sus usos y t\u00e9cnicas, conocimiento b\u00e1sicos del oficio, lo que permitir\u00e1 a los\/as participantes confeccionar un objeto como resultado del aprendizaje de la jornada.<\/p>\n<p style=\"text-align: justify;\">\u201cEntre el 2019 y 2020 con el levantamiento de proyectos similares junto al mismo equipo de trabajo, integrado por Paulina Fuentealba, dise\u00f1adora, Mar\u00eda Victoria Hern\u00e1ndez, comunicadora audiovisual y Ana Castro, periodista, logramos primeramente visibilizar el oficio en espacios urbanos de \u00d1uble y Biob\u00edo a trav\u00e9s de exposiciones realizadas en establecimientos educativos, bibliotecas p\u00fablicas y la producci\u00f3n de videos tutoriales que ense\u00f1aban la t\u00e9cnica detalladamente. Por otra parte, un hito importante que impuls\u00f3 la continuidad de las actividades, fue la alta adhesi\u00f3n de personas interesadas en aprender el oficio\u201d, se\u00f1ala Natalia V\u00e1squez, gestora de esta iniciativa.<\/p>\n<p style=\"text-align: justify;\">\n","protected":false},"excerpt":{"rendered":"<p>\u00d1uble, mayo 2021: \u201cExperiencias de Cester\u00eda en \u00d1uble, Traspaso de T\u00e9cnicas en fibra Vegetal\u201d es el nombre del proyecto que tiene como objetivo facilitar saberes en torno a este oficio tradicional y que es&#46;&#46;&#46;<\/p>\n","protected":false},"author":2,"featured_media":24428,"comment_status":"closed","ping_status":"open","sticky":false,"template":"","format":"standard","meta":{"footnotes":""},"categories":[1],"tags":[623,2287,1115,1678,8,6,117],"class_list":["post-24427","post","type-post","status-publish","format-standard","has-post-thumbnail","hentry","category-noticias","tag-artesanos","tag-cesteria-en-pita","tag-noticias","tag-nuble","tag-yungay","tag-yungayino","tag-yungayinocl"],"_links":{"self":[{"href":"https:\/\/www.yungayino.cl\/noticias\/index.php?rest_route=\/wp\/v2\/posts\/24427","targetHints":{"allow":["GET"]}}],"collection":[{"href":"https:\/\/www.yungayino.cl\/noticias\/index.php?rest_route=\/wp\/v2\/posts"}],"about":[{"href":"https:\/\/www.yungayino.cl\/noticias\/index.php?rest_route=\/wp\/v2\/types\/post"}],"author":[{"embeddable":true,"href":"https:\/\/www.yungayino.cl\/noticias\/index.php?rest_route=\/wp\/v2\/users\/2"}],"replies":[{"embeddable":true,"href":"https:\/\/www.yungayino.cl\/noticias\/index.php?rest_route=%2Fwp%2Fv2%2Fcomments&post=24427"}],"version-history":[{"count":1,"href":"https:\/\/www.yungayino.cl\/noticias\/index.php?rest_route=\/wp\/v2\/posts\/24427\/revisions"}],"predecessor-version":[{"id":24429,"href":"https:\/\/www.yungayino.cl\/noticias\/index.php?rest_route=\/wp\/v2\/posts\/24427\/revisions\/24429"}],"wp:featuredmedia":[{"embeddable":true,"href":"https:\/\/www.yungayino.cl\/noticias\/index.php?rest_route=\/wp\/v2\/media\/24428"}],"wp:attachment":[{"href":"https:\/\/www.yungayino.cl\/noticias\/index.php?rest_route=%2Fwp%2Fv2%2Fmedia&parent=24427"}],"wp:term":[{"taxonomy":"category","embeddable":true,"href":"https:\/\/www.yungayino.cl\/noticias\/index.php?rest_route=%2Fwp%2Fv2%2Fcategories&post=24427"},{"taxonomy":"post_tag","embeddable":true,"href":"https:\/\/www.yungayino.cl\/noticias\/index.php?rest_route=%2Fwp%2Fv2%2Ftags&post=24427"}],"curies":[{"name":"wp","href":"https:\/\/api.w.org\/{rel}","templated":true}]}}