{"id":24470,"date":"2021-05-09T18:00:55","date_gmt":"2021-05-09T21:00:55","guid":{"rendered":"http:\/\/www.yungayino.cl\/noticias\/?p=24470"},"modified":"2021-05-11T13:30:33","modified_gmt":"2021-05-11T16:30:33","slug":"en-el-dia-de-la-madre-presidente-pinera-promulga-ley-que-permite-cambiar-orden-de-apellidos-de-las-personas","status":"publish","type":"post","link":"https:\/\/www.yungayino.cl\/noticias\/?p=24470","title":{"rendered":"En el D\u00eda de la Madre: Presidente Pi\u00f1era Promulga Ley que Permite Cambiar Orden de Apellidos de las Personas"},"content":{"rendered":"<p><img loading=\"lazy\" decoding=\"async\" class=\"alignnone size-full wp-image-24471\" src=\"http:\/\/www.yungayino.cl\/noticias\/wp-content\/uploads\/2021\/05\/Dia-La-Madre-Ley-cambio-apellidos.jpg\" alt=\"\" width=\"700\" height=\"374\" srcset=\"https:\/\/www.yungayino.cl\/noticias\/wp-content\/uploads\/2021\/05\/Dia-La-Madre-Ley-cambio-apellidos.jpg 700w, https:\/\/www.yungayino.cl\/noticias\/wp-content\/uploads\/2021\/05\/Dia-La-Madre-Ley-cambio-apellidos-300x160.jpg 300w, https:\/\/www.yungayino.cl\/noticias\/wp-content\/uploads\/2021\/05\/Dia-La-Madre-Ley-cambio-apellidos-281x150.jpg 281w\" sizes=\"auto, (max-width: 700px) 100vw, 700px\" \/><\/p>\n<p style=\"text-align: justify;\">Nacional, mayo 2021: El Presidente de la Rep\u00fablica, Sebasti\u00e1n Pi\u00f1era, acompa\u00f1ado por los ministros de la Mujer y la Equidad de G\u00e9nero, M\u00f3nica Zalaquett, y de Justicia, Hern\u00e1n Larra\u00edn, encabezaron este domingo la ceremonia de promulgaci\u00f3n de la Ley sobre determinaci\u00f3n del orden de los apellidos de los hijos por acuerdo de los padres.<\/p>\n<p style=\"text-align: justify;\">La nueva legislaci\u00f3n que permite el cambio del orden del apellido paterno y materno, tiene por objeto establecer que los padres puedan expresar de com\u00fan acuerdo, al momento de inscribir el nacimiento de su primer hijo o hija, el orden de sus apellidos, el cual deber\u00e1 ser el mismo para todos los hijos comunes que puedan venir despu\u00e9s. Si los padres no expresan lo contrario, se aplicar\u00e1 la regla que existe hasta hoy.<\/p>\n<p style=\"text-align: justify;\">La noticia que se dio a conocer en el marco de la celebraci\u00f3n del D\u00eda de la Madre, fue valorada por las autoridades de \u00d1uble. \u201cQuiero agradecer el gran trabajo de nuestro Presidente Sebasti\u00e1n Pi\u00f1era, que hoy ha llevado a cabo la promulgaci\u00f3n de esta ley que permite cambiar el orden de los apellidos a las personas. Se trata de un avance importante en materia de igualdad entre el hombre y la mujer que reconoce la libertad de elecci\u00f3n, ya que ahora, ser\u00e1n los padres quienes decidir\u00e1n cu\u00e1l es el orden en el nombre de sus hijos\u201d, sostuvo el Intendente Crist\u00f3bal Jard\u00eda, quien agreg\u00f3 que \u201ces un anuncio que llega en un d\u00eda especial, pero m\u00e1s all\u00e1 de eso, espero que sigamos avanzando en materias de igualdad y que podamos seguir contribuyendo en destacar el importante rol que cumplen las mujeres tanto en el \u00e1mbito familiar, laboral y de desarrollo\u201d.<\/p>\n<p style=\"text-align: justify;\">Por su parte la Seremi de la Mujer y la Equidad de G\u00e9nero, B\u00e1rbara Hennig, destac\u00f3 que \u201choy estamos saldando una deuda pendiente con muchas madres e hijos, ya que esta promulgaci\u00f3n contribuye tambi\u00e9n a relevar el importante rol que juega la mujer al interior de la familia, permitiendo que su apellido pueda ir en primer lugar si as\u00ed se decide, pues sabemos que miles de madres en \u00d1uble en muchos casos han debido llevar todo el peso en la formaci\u00f3n de sus hijos\u201d, puntualiz\u00f3, a\u00f1adiendo que \u201cesta legislaci\u00f3n viene a hacerse cargo tambi\u00e9n, de entregar reparaci\u00f3n a aquellas mujeres que por razones leg\u00edtimas, muchas veces asociadas a temas de violencia, quieren llevar como primer apellido el de su madre y no el del padre sin tener que enfrentarse a un proceso judicial. Creemos que as\u00ed podemos avanzar en el cambio cultural en una sociedad que busque otorgar los mismos derechos a hombres y mujeres\u201d, subray\u00f3.<\/p>\n<p style=\"text-align: justify;\">Cabe destacar adem\u00e1s que el proyecto faculta, por una sola vez, a las personas mayores de 18 a\u00f1os a solicitar la rectificaci\u00f3n administrativa, con el objeto de invertir el orden de sus apellidos con que figuran en sus partidas de nacimiento. As\u00ed lo detall\u00f3 la Seremi de Justicia y DDHH, Jacqueline Gu\u00ed\u00f1ez, al manifestar que \u201choy es un d\u00eda hist\u00f3rico, porque muchas mujeres ni siquiera conocen a sus padres, no han tenido ninguna relaci\u00f3n con ellos, teniendo que llevar el apellido de alguien con quien no guardan ninguna relaci\u00f3n al respecto, por tanto, esta ley se hace cargo de ello y permite que despu\u00e9s de los 18 a\u00f1os las personas puedan invertir sus apellidos como una forma de agradecer a sus madres por el sacrifico por ellos, relevando as\u00ed la figura de la mujer y de esta madre dentro de la familia\u201d, concluy\u00f3.<\/p>\n<p style=\"text-align: justify;\">Con esta promulgaci\u00f3n, Chile da cumplimiento a la convenci\u00f3n sobre la eliminaci\u00f3n de todas las formas de discriminaci\u00f3n contra la mujer.<\/p>\n","protected":false},"excerpt":{"rendered":"<p>Nacional, mayo 2021: El Presidente de la Rep\u00fablica, Sebasti\u00e1n Pi\u00f1era, acompa\u00f1ado por los ministros de la Mujer y la Equidad de G\u00e9nero, M\u00f3nica Zalaquett, y de Justicia, Hern\u00e1n Larra\u00edn, encabezaron este domingo la ceremonia&#46;&#46;&#46;<\/p>\n","protected":false},"author":2,"featured_media":24471,"comment_status":"closed","ping_status":"open","sticky":false,"template":"","format":"standard","meta":{"footnotes":""},"categories":[3,1],"tags":[2482,1115,8,6,117],"class_list":["post-24470","post","type-post","status-publish","format-standard","has-post-thumbnail","hentry","category-actualidad","category-noticias","tag-cambio-apellidos","tag-noticias","tag-yungay","tag-yungayino","tag-yungayinocl"],"_links":{"self":[{"href":"https:\/\/www.yungayino.cl\/noticias\/index.php?rest_route=\/wp\/v2\/posts\/24470","targetHints":{"allow":["GET"]}}],"collection":[{"href":"https:\/\/www.yungayino.cl\/noticias\/index.php?rest_route=\/wp\/v2\/posts"}],"about":[{"href":"https:\/\/www.yungayino.cl\/noticias\/index.php?rest_route=\/wp\/v2\/types\/post"}],"author":[{"embeddable":true,"href":"https:\/\/www.yungayino.cl\/noticias\/index.php?rest_route=\/wp\/v2\/users\/2"}],"replies":[{"embeddable":true,"href":"https:\/\/www.yungayino.cl\/noticias\/index.php?rest_route=%2Fwp%2Fv2%2Fcomments&post=24470"}],"version-history":[{"count":1,"href":"https:\/\/www.yungayino.cl\/noticias\/index.php?rest_route=\/wp\/v2\/posts\/24470\/revisions"}],"predecessor-version":[{"id":24472,"href":"https:\/\/www.yungayino.cl\/noticias\/index.php?rest_route=\/wp\/v2\/posts\/24470\/revisions\/24472"}],"wp:featuredmedia":[{"embeddable":true,"href":"https:\/\/www.yungayino.cl\/noticias\/index.php?rest_route=\/wp\/v2\/media\/24471"}],"wp:attachment":[{"href":"https:\/\/www.yungayino.cl\/noticias\/index.php?rest_route=%2Fwp%2Fv2%2Fmedia&parent=24470"}],"wp:term":[{"taxonomy":"category","embeddable":true,"href":"https:\/\/www.yungayino.cl\/noticias\/index.php?rest_route=%2Fwp%2Fv2%2Fcategories&post=24470"},{"taxonomy":"post_tag","embeddable":true,"href":"https:\/\/www.yungayino.cl\/noticias\/index.php?rest_route=%2Fwp%2Fv2%2Ftags&post=24470"}],"curies":[{"name":"wp","href":"https:\/\/api.w.org\/{rel}","templated":true}]}}