{"id":24551,"date":"2021-05-24T07:00:40","date_gmt":"2021-05-24T10:00:40","guid":{"rendered":"http:\/\/www.yungayino.cl\/noticias\/?p=24551"},"modified":"2021-05-23T14:59:41","modified_gmt":"2021-05-23T17:59:41","slug":"homenajearan-a-victimas-del-covid-con-intervencion-artistica","status":"publish","type":"post","link":"https:\/\/www.yungayino.cl\/noticias\/?p=24551","title":{"rendered":"Homenajear\u00e1n a V\u00edctimas del Covid con Intervenci\u00f3n Art\u00edstica"},"content":{"rendered":"<p><img loading=\"lazy\" decoding=\"async\" class=\"alignnone size-full wp-image-24552\" src=\"http:\/\/www.yungayino.cl\/noticias\/wp-content\/uploads\/2021\/05\/homenaje-victimas-covid-2.jpg\" alt=\"\" width=\"700\" height=\"350\" srcset=\"https:\/\/www.yungayino.cl\/noticias\/wp-content\/uploads\/2021\/05\/homenaje-victimas-covid-2.jpg 700w, https:\/\/www.yungayino.cl\/noticias\/wp-content\/uploads\/2021\/05\/homenaje-victimas-covid-2-300x150.jpg 300w\" sizes=\"auto, (max-width: 700px) 100vw, 700px\" \/><\/p>\n<p style=\"text-align: justify;\">\u00d1uble, mayo 2021:<\/p>\n<ul style=\"text-align: justify;\">\n<li>Iniciativa es liderada por la Seremi de las Culturas, las Artes y el Patrimonio y la Unidad de Patrimonio de la Municipalidad de Chill\u00e1n.<\/li>\n<li>El <strong>lunes 24 de mayo a las 19:00 horas<\/strong> se rendir\u00e1 homenaje frente a la Catedral de Chill\u00e1n. Transmisi\u00f3n <strong>Facebook Live \/ Youtube <a href=\"https:\/\/web.facebook.com\/UPAchillan\">@UpaChillan<\/a> y <a href=\"https:\/\/web.facebook.com\/culturas.nuble\">@Culturas\u00d1uble<\/a><\/strong><\/li>\n<\/ul>\n<p style=\"text-align: justify;\">Aunque las salas de exposiciones est\u00e9n cerradas producto de la pandemia por Covid, la ciudadan\u00eda podr\u00e1 observar presencialmente parte de las fotograf\u00edas del proyecto \u201cArchivo Covid \u00d1uble. Memoria com\u00fan de una pandemia\u201d. \u201cEsta exposici\u00f3n ser\u00e1 instalada a gran escala en el frontis de los principales edificios p\u00fablicos alrededor de la Plaza de Armas: Intendencia, Municipalidad, Centro de Extensi\u00f3n UBB y Teatro Municipal. As\u00ed, las personas podr\u00e1n observar desde el espacio p\u00fablico el registro de este momento hist\u00f3rico para la humanidad\u201d, precis\u00f3 la seremi de las Culturas de \u00d1uble, Mar\u00eda Soledad Castro.<\/p>\n<p style=\"text-align: justify;\">En su primer d\u00eda, la muestra ser\u00e1 inaugurada con una intervenci\u00f3n art\u00edstica frente a la Catedral de Chill\u00e1n con la cual, las autoridades locales y el Colegio M\u00e9dico homenajear\u00e1n a las v\u00edctimas del Covid-19. \u201cEste homenaje es una muestra de los efectos devastadores que ha dejado el Covid-19 en nuestra regi\u00f3n, y no solo de aquellos que han perdido alg\u00fan familiar, sino que han tenido que lidiar con la enfermedad y sus consecuencias. El virus sigue entre nosotros, tenemos que seguir cuid\u00e1ndonos, siendo conscientes y responsables. Aprovecho esta instancia para agradecer el gran e incansable trabajo realizado por todos aquellos que luchan contra la pandemia\u201d, enfatiz\u00f3 el intendente de \u00d1uble, Crist\u00f3bal Jard\u00faa.<\/p>\n<p style=\"text-align: justify;\">\u00abPor primera vez Archivo Covid \u00d1uble se encuentra con el espacio p\u00fablico y lo hace con un motivo especial y necesario: para homenajear a las v\u00edctimas de la pandemia en nuestra regi\u00f3n, para conmemorar sus memorias\u00bb, se\u00f1al\u00f3 Karin C\u00e1rdenas, encargada de la Unidad de Patrimonio de la Municipalidad de Chill\u00e1n.<\/p>\n<p style=\"text-align: justify;\"><strong><u>Archivo Covid \u00d1uble<\/u><\/strong><\/p>\n<p style=\"text-align: justify;\">La pandemia que nos afecta ha restringido de m\u00faltiples formas a nuestra sociedad, pero as\u00ed tambi\u00e9n se ha convertido en un gatillante para que fot\u00f3grafos y audiovisuales registren el presente que vivimos, lo que permitir\u00e1 formar los archivos que ser\u00e1n revisados en el futuro.<\/p>\n<p style=\"text-align: justify;\">Este escenario promovi\u00f3 que la Unidad de Patrimonio (UPA) de la Municipalidad de Chill\u00e1n junto al Archivo de Fotograf\u00eda Patrimonial de la Biblioteca Municipal desarrollaran la primera etapa de Archivo Covid \u00d1uble en la cual se invit\u00f3 a la ciudadan\u00eda a enviar sus registros para preservar la memoria del momento que vivimos. El \u00e9xito de esta iniciativa impuls\u00f3 la realizaci\u00f3n de una segunda etapa, la cual cont\u00f3 con el financiamiento y colaboraci\u00f3n de la Seremi de las Culturas \u00d1uble y que consisti\u00f3 en un encargo a 6 fot\u00f3grafos y 6 audiovisuales de la regi\u00f3n. Estos fueron guiados por Fernando Melo, curador de esta etapa y editor de las fotograf\u00edas, y Tom\u00e1s Alzamora, quien asesor\u00f3 a los audiovisuales.<\/p>\n<p style=\"text-align: justify;\">El resultado de este trabajo est\u00e1 disponible en<a href=\"https:\/\/www.upachillan.cl\/\"> <strong>www.upachillan.cl<\/strong><\/a><\/p>\n<p style=\"text-align: justify;\"><strong>Fot\u00f3grafos participantes<\/strong>: Viviana Belmar, Fernanda Venegas, Patricio Contreras, Marcelo Carrasco, Miguel Espinoza, Leonardo Escalona.<\/p>\n<p style=\"text-align: justify;\"><strong>Audiovisuales participantes<\/strong>: Catalina Espinoza, Francisco Vega, Sof\u00eda Fern\u00e1ndez, Felipe Gu\u00ed\u00f1ez, Gianinna Jorquera, Colectivo La Silla.<\/p>\n","protected":false},"excerpt":{"rendered":"<p>\u00d1uble, mayo 2021: Iniciativa es liderada por la Seremi de las Culturas, las Artes y el Patrimonio y la Unidad de Patrimonio de la Municipalidad de Chill\u00e1n. El lunes 24 de mayo a las&#46;&#46;&#46;<\/p>\n","protected":false},"author":2,"featured_media":24552,"comment_status":"closed","ping_status":"open","sticky":false,"template":"","format":"standard","meta":{"footnotes":""},"categories":[1],"tags":[2488,1115,1678,8,6,117],"class_list":["post-24551","post","type-post","status-publish","format-standard","has-post-thumbnail","hentry","category-noticias","tag-homenajearan-a-victimas-del-covid","tag-noticias","tag-nuble","tag-yungay","tag-yungayino","tag-yungayinocl"],"_links":{"self":[{"href":"https:\/\/www.yungayino.cl\/noticias\/index.php?rest_route=\/wp\/v2\/posts\/24551","targetHints":{"allow":["GET"]}}],"collection":[{"href":"https:\/\/www.yungayino.cl\/noticias\/index.php?rest_route=\/wp\/v2\/posts"}],"about":[{"href":"https:\/\/www.yungayino.cl\/noticias\/index.php?rest_route=\/wp\/v2\/types\/post"}],"author":[{"embeddable":true,"href":"https:\/\/www.yungayino.cl\/noticias\/index.php?rest_route=\/wp\/v2\/users\/2"}],"replies":[{"embeddable":true,"href":"https:\/\/www.yungayino.cl\/noticias\/index.php?rest_route=%2Fwp%2Fv2%2Fcomments&post=24551"}],"version-history":[{"count":3,"href":"https:\/\/www.yungayino.cl\/noticias\/index.php?rest_route=\/wp\/v2\/posts\/24551\/revisions"}],"predecessor-version":[{"id":24555,"href":"https:\/\/www.yungayino.cl\/noticias\/index.php?rest_route=\/wp\/v2\/posts\/24551\/revisions\/24555"}],"wp:featuredmedia":[{"embeddable":true,"href":"https:\/\/www.yungayino.cl\/noticias\/index.php?rest_route=\/wp\/v2\/media\/24552"}],"wp:attachment":[{"href":"https:\/\/www.yungayino.cl\/noticias\/index.php?rest_route=%2Fwp%2Fv2%2Fmedia&parent=24551"}],"wp:term":[{"taxonomy":"category","embeddable":true,"href":"https:\/\/www.yungayino.cl\/noticias\/index.php?rest_route=%2Fwp%2Fv2%2Fcategories&post=24551"},{"taxonomy":"post_tag","embeddable":true,"href":"https:\/\/www.yungayino.cl\/noticias\/index.php?rest_route=%2Fwp%2Fv2%2Ftags&post=24551"}],"curies":[{"name":"wp","href":"https:\/\/api.w.org\/{rel}","templated":true}]}}