{"id":24556,"date":"2021-05-25T07:00:23","date_gmt":"2021-05-25T10:00:23","guid":{"rendered":"http:\/\/www.yungayino.cl\/noticias\/?p=24556"},"modified":"2021-05-24T18:37:31","modified_gmt":"2021-05-24T21:37:31","slug":"alza-de-hospitalizaciones-por-covid-19-alerta-en-nuble","status":"publish","type":"post","link":"https:\/\/www.yungayino.cl\/noticias\/?p=24556","title":{"rendered":"Alza de Hospitalizaciones por Covid-19 Alerta en \u00d1uble"},"content":{"rendered":"<p><img loading=\"lazy\" decoding=\"async\" class=\"alignnone size-full wp-image-24557\" src=\"http:\/\/www.yungayino.cl\/noticias\/wp-content\/uploads\/2021\/05\/Hospitalizacion-Covid-19.jpg\" alt=\"\" width=\"700\" height=\"350\" srcset=\"https:\/\/www.yungayino.cl\/noticias\/wp-content\/uploads\/2021\/05\/Hospitalizacion-Covid-19.jpg 700w, https:\/\/www.yungayino.cl\/noticias\/wp-content\/uploads\/2021\/05\/Hospitalizacion-Covid-19-300x150.jpg 300w\" sizes=\"auto, (max-width: 700px) 100vw, 700px\" \/><\/p>\n<p style=\"text-align: justify;\">\u00d1uble, mayo 2021: A 19 d\u00edas del t\u00e9rmino de la cuarentena en Chill\u00e1n y Chill\u00e1n Viejo, el incremento de personas hospitalizadas en la red asistencial y el porcentaje de positividad por Coronavirus, preocupa a los equipos de salud.<\/p>\n<p style=\"text-align: justify;\">En un nuevo reporte del estado de la red asistencial, el alza de personas que han requerido de asistencia a causa del Covid-19 encendi\u00f3 las alertas, pues al d\u00eda de hoy \u201c135 personas se encuentran hospitalizadas, 67 de estas en cuidados cr\u00edticos y 43 con apoyo ventilatorio\u201d, inform\u00f3 el Subdirector de Gesti\u00f3n Asistencial, Dr. Max Besser.<\/p>\n<p style=\"text-align: justify;\">De acuerdo a las cifras informadas por el Servicio de Salud \u00d1uble, el Directivo indic\u00f3 que \u201cel aumento de la circulaci\u00f3n viral y del n\u00famero de contagios, hacen estimar que nuevamente existir\u00e1 un alza en la ocupaci\u00f3n de camas cr\u00edticas en los establecimientos de la red integrada, lo que dar\u00eda cuenta del quiebre en el descenso de hospitalizados que se hab\u00eda registrado en las \u00faltimas dos semanas\u201d, advirti\u00f3.<\/p>\n<p style=\"text-align: justify;\">El virus sigue entre nosotros y las cifras lo demuestran<\/p>\n<p style=\"text-align: justify;\">Si bien, a\u00fan no podemos hablar de tendencia, creemos que el comportamiento epidemiol\u00f3gico que ve\u00edamos con buenos ojos a causa del confinamiento, cambi\u00f3, agudizado por fechas como el d\u00eda de la madre, donde existen mayores instancias de reuni\u00f3n familiar y se relajan las medidas de prevenci\u00f3n, por lo \u00a0tanto, debemos nuevamente apelar al compromiso de la comunidad, pues la red de salud registra una ocupaci\u00f3n importante, explic\u00f3 el Subdirector.<\/p>\n<p style=\"text-align: justify;\">\u201cEl virus sigue entre nosotros y las cifras lo demuestran, pues el Laboratorio Cl\u00ednico del Hospital de Chill\u00e1n inform\u00f3 las \u00faltimas 24 horas el resultado de 473 muestras procesadas, de las cuales un 17% son positivas. En este contexto, queremos insistir en el autocuidado, as\u00ed mismo llamamos a las personas a informarse en fuentes oficiales, decidir vacunarse y proteger a sus seres queridos\u201d, recomend\u00f3.<\/p>\n<p style=\"text-align: justify;\">Seg\u00fan el calendario de inmunizaci\u00f3n del Ministerio de Salud, esta semana, entre el 24 y el 30 de mayo, pueden acceder a la inoculaci\u00f3n en los distintos centros vacunatorios, las personas entre 26 y 29 a\u00f1os, entre otros grupos.<\/p>\n","protected":false},"excerpt":{"rendered":"<p>\u00d1uble, mayo 2021: A 19 d\u00edas del t\u00e9rmino de la cuarentena en Chill\u00e1n y Chill\u00e1n Viejo, el incremento de personas hospitalizadas en la red asistencial y el porcentaje de positividad por Coronavirus, preocupa a&#46;&#46;&#46;<\/p>\n","protected":false},"author":2,"featured_media":24557,"comment_status":"closed","ping_status":"open","sticky":false,"template":"","format":"standard","meta":{"footnotes":""},"categories":[1,1675],"tags":[2183,1115,1678,65,8,6,117],"class_list":["post-24556","post","type-post","status-publish","format-standard","has-post-thumbnail","hentry","category-noticias","category-saludc","tag-covid-19","tag-noticias","tag-nuble","tag-salud","tag-yungay","tag-yungayino","tag-yungayinocl"],"_links":{"self":[{"href":"https:\/\/www.yungayino.cl\/noticias\/index.php?rest_route=\/wp\/v2\/posts\/24556","targetHints":{"allow":["GET"]}}],"collection":[{"href":"https:\/\/www.yungayino.cl\/noticias\/index.php?rest_route=\/wp\/v2\/posts"}],"about":[{"href":"https:\/\/www.yungayino.cl\/noticias\/index.php?rest_route=\/wp\/v2\/types\/post"}],"author":[{"embeddable":true,"href":"https:\/\/www.yungayino.cl\/noticias\/index.php?rest_route=\/wp\/v2\/users\/2"}],"replies":[{"embeddable":true,"href":"https:\/\/www.yungayino.cl\/noticias\/index.php?rest_route=%2Fwp%2Fv2%2Fcomments&post=24556"}],"version-history":[{"count":2,"href":"https:\/\/www.yungayino.cl\/noticias\/index.php?rest_route=\/wp\/v2\/posts\/24556\/revisions"}],"predecessor-version":[{"id":24559,"href":"https:\/\/www.yungayino.cl\/noticias\/index.php?rest_route=\/wp\/v2\/posts\/24556\/revisions\/24559"}],"wp:featuredmedia":[{"embeddable":true,"href":"https:\/\/www.yungayino.cl\/noticias\/index.php?rest_route=\/wp\/v2\/media\/24557"}],"wp:attachment":[{"href":"https:\/\/www.yungayino.cl\/noticias\/index.php?rest_route=%2Fwp%2Fv2%2Fmedia&parent=24556"}],"wp:term":[{"taxonomy":"category","embeddable":true,"href":"https:\/\/www.yungayino.cl\/noticias\/index.php?rest_route=%2Fwp%2Fv2%2Fcategories&post=24556"},{"taxonomy":"post_tag","embeddable":true,"href":"https:\/\/www.yungayino.cl\/noticias\/index.php?rest_route=%2Fwp%2Fv2%2Ftags&post=24556"}],"curies":[{"name":"wp","href":"https:\/\/api.w.org\/{rel}","templated":true}]}}