{"id":24587,"date":"2021-06-03T07:00:30","date_gmt":"2021-06-03T10:00:30","guid":{"rendered":"http:\/\/www.yungayino.cl\/noticias\/?p=24587"},"modified":"2021-06-03T01:16:10","modified_gmt":"2021-06-03T04:16:10","slug":"sence-coordina-modificaciones-con-los-organismos-tecnicos-que-ejecutan-capacitaciones-en-nuble","status":"publish","type":"post","link":"https:\/\/www.yungayino.cl\/noticias\/?p=24587","title":{"rendered":"Sence Coordina Modificaciones con los Organismos T\u00e9cnicos que Ejecutan Capacitaciones en \u00d1uble"},"content":{"rendered":"<p><img loading=\"lazy\" decoding=\"async\" class=\"alignnone size-full wp-image-24588\" src=\"http:\/\/www.yungayino.cl\/noticias\/wp-content\/uploads\/2021\/06\/Sence.jpg\" alt=\"\" width=\"700\" height=\"350\" srcset=\"https:\/\/www.yungayino.cl\/noticias\/wp-content\/uploads\/2021\/06\/Sence.jpg 700w, https:\/\/www.yungayino.cl\/noticias\/wp-content\/uploads\/2021\/06\/Sence-300x150.jpg 300w\" sizes=\"auto, (max-width: 700px) 100vw, 700px\" \/><\/p>\n<p style=\"text-align: justify;\">\u00d1uble, junio 2021: La Direcci\u00f3n Regional del Servicio Nacional de Capacitaci\u00f3n y Empleo (Sence) se reuni\u00f3 con los Organismos T\u00e9cnicos de Capacitaci\u00f3n (Otec), presentes en \u00d1uble, para coordinar modificaciones que este a\u00f1o la entidad estatal ha impulsado.<\/p>\n<p style=\"text-align: justify;\">En el encuentro zonal se dieron a conocer, entre otros puntos, mejoras al Libro de Clases Electr\u00f3nico (LCE), las que permitir\u00e1n, por ejemplo, liquidar actividades de capacitaci\u00f3n en las que los participantes cuenten con asistencia y en el escenario de que la huella del participante resultase valida con el registro civil. Asimismo, se apunt\u00f3 en la l\u00ednea de mantener una retroalimentaci\u00f3n constante entre actores, con el fin de ofrecer cursos y m\u00f3dulos de calidad y con pertinencia en el transcurso del tiempo.<\/p>\n<p style=\"text-align: justify;\">La seremi del Trabajo y Previsi\u00f3n Social de \u00d1uble, Yeniffer Ferrada -quien estuvo al inicio da la jornada- agradeci\u00f3 \u201cla labor que han cumplido el Sence y los organismos t\u00e9cnicos en nuestra regi\u00f3n. Desde el 2018, cerca de 3.000 vecinos han sido capacitados en diversas \u00e1reas, aportando al mercado laboral local y mejorando sus expectativas. Si bien este \u00faltimo a\u00f1o las plataformas online han sido protagonistas, nuestra cartera ha propiciado ir retomando la presencialidad de los cursos de forma gradual y en tanto los contextos comunales lo permitan\u201d.<\/p>\n<p style=\"text-align: justify;\">Por su parte el director regional del Sence, Rodolfo Zaror, destac\u00f3 la instancia por tratarse \u201cde un espacio en que se coordinan elementos que son parte del andamiaje m\u00e1s interno, pero que repercuten directamente en los productos que termina recibiendo la comunidad. Permanentemente nuestro servicio introduce mejoras para, justamente, perfeccionar la experiencia de los usuarios\u201d.<\/p>\n<p style=\"text-align: justify;\">El encuentro virtual se trat\u00f3 del primero de una serie de reuniones que continuar\u00e1n llev\u00e1ndose a cabo durante los pr\u00f3ximos meses.<\/p>\n","protected":false},"excerpt":{"rendered":"<p>\u00d1uble, junio 2021: La Direcci\u00f3n Regional del Servicio Nacional de Capacitaci\u00f3n y Empleo (Sence) se reuni\u00f3 con los Organismos T\u00e9cnicos de Capacitaci\u00f3n (Otec), presentes en \u00d1uble, para coordinar modificaciones que este a\u00f1o la entidad&#46;&#46;&#46;<\/p>\n","protected":false},"author":2,"featured_media":24588,"comment_status":"closed","ping_status":"open","sticky":false,"template":"","format":"standard","meta":{"footnotes":""},"categories":[1],"tags":[1115,1678,1602,8,6,117],"class_list":["post-24587","post","type-post","status-publish","format-standard","has-post-thumbnail","hentry","category-noticias","tag-noticias","tag-nuble","tag-sence","tag-yungay","tag-yungayino","tag-yungayinocl"],"_links":{"self":[{"href":"https:\/\/www.yungayino.cl\/noticias\/index.php?rest_route=\/wp\/v2\/posts\/24587","targetHints":{"allow":["GET"]}}],"collection":[{"href":"https:\/\/www.yungayino.cl\/noticias\/index.php?rest_route=\/wp\/v2\/posts"}],"about":[{"href":"https:\/\/www.yungayino.cl\/noticias\/index.php?rest_route=\/wp\/v2\/types\/post"}],"author":[{"embeddable":true,"href":"https:\/\/www.yungayino.cl\/noticias\/index.php?rest_route=\/wp\/v2\/users\/2"}],"replies":[{"embeddable":true,"href":"https:\/\/www.yungayino.cl\/noticias\/index.php?rest_route=%2Fwp%2Fv2%2Fcomments&post=24587"}],"version-history":[{"count":1,"href":"https:\/\/www.yungayino.cl\/noticias\/index.php?rest_route=\/wp\/v2\/posts\/24587\/revisions"}],"predecessor-version":[{"id":24589,"href":"https:\/\/www.yungayino.cl\/noticias\/index.php?rest_route=\/wp\/v2\/posts\/24587\/revisions\/24589"}],"wp:featuredmedia":[{"embeddable":true,"href":"https:\/\/www.yungayino.cl\/noticias\/index.php?rest_route=\/wp\/v2\/media\/24588"}],"wp:attachment":[{"href":"https:\/\/www.yungayino.cl\/noticias\/index.php?rest_route=%2Fwp%2Fv2%2Fmedia&parent=24587"}],"wp:term":[{"taxonomy":"category","embeddable":true,"href":"https:\/\/www.yungayino.cl\/noticias\/index.php?rest_route=%2Fwp%2Fv2%2Fcategories&post=24587"},{"taxonomy":"post_tag","embeddable":true,"href":"https:\/\/www.yungayino.cl\/noticias\/index.php?rest_route=%2Fwp%2Fv2%2Ftags&post=24587"}],"curies":[{"name":"wp","href":"https:\/\/api.w.org\/{rel}","templated":true}]}}