{"id":24598,"date":"2021-06-05T11:00:57","date_gmt":"2021-06-05T14:00:57","guid":{"rendered":"http:\/\/www.yungayino.cl\/noticias\/?p=24598"},"modified":"2021-06-05T16:20:00","modified_gmt":"2021-06-05T19:20:00","slug":"comenzo-nuevo-proceso-de-postulacion-al-ife-ampliado","status":"publish","type":"post","link":"https:\/\/www.yungayino.cl\/noticias\/?p=24598","title":{"rendered":"Comenz\u00f3 Nuevo Proceso de Postulaci\u00f3n al IFE Ampliado"},"content":{"rendered":"<p><img loading=\"lazy\" decoding=\"async\" class=\"alignnone size-full wp-image-24599\" src=\"http:\/\/www.yungayino.cl\/noticias\/wp-content\/uploads\/2021\/06\/4.jpg\" alt=\"\" width=\"700\" height=\"394\" srcset=\"https:\/\/www.yungayino.cl\/noticias\/wp-content\/uploads\/2021\/06\/4.jpg 700w, https:\/\/www.yungayino.cl\/noticias\/wp-content\/uploads\/2021\/06\/4-300x169.jpg 300w, https:\/\/www.yungayino.cl\/noticias\/wp-content\/uploads\/2021\/06\/4-266x150.jpg 266w\" sizes=\"auto, (max-width: 700px) 100vw, 700px\" \/><\/p>\n<p style=\"text-align: justify;\">Nacional, junio 221: Gobernador de Diguill\u00edn Roger Cisterna y la Seremi de Desarrollo Social \u00d1uble Doris Osses, difundieron proceso que va desde el 05 al 15 de junio en <a href=\"https:\/\/www.ingresodeemergencia.cl\/\"><strong>www.ingresodeemergencia.cl<\/strong><\/a>.<br \/>\nA partir de este s\u00e1bado 05 de junio comienza un nuevo per\u00edodo de postulaci\u00f3n al Ingreso Familiar de Emergencia (IFE) Ampliado, el cual se mantendr\u00e1 hasta el 15 de junio a quienes a\u00fan no han solicitado este beneficio estatal.<br \/>\nEn el marco de lo anterior el Gobernador de Diguill\u00edn Roger Cisterna junto a la SEREMI de Desarrollo Social y Familia de \u00d1uble Doris Osses, realizaron un facebook live el reciente viernes mediante un nuevo \u00abDiguill\u00edn en l\u00ednea\u00bb, aclarando dudas e inquietudes por parte de los usuarios.<br \/>\n\u00abLes recordamos que para realizar este tr\u00e1mite, la persona debe entrar al sitio web <a href=\"https:\/\/www.ingresodeemergencia.cl\/\"><strong>www.ingresodeemergencia.cl<\/strong><\/a>,\u00a0 y con su RUT o Clave \u00danica se puede entrar al formulario\u00bb, coment\u00f3 el Gobernador de Diguill\u00edn Roger Cisterna, agradeciendo adem\u00e1s la participaci\u00f3n de la Seremi de Desarrollo Social y quienes se conectaron para resolver dudas.<br \/>\nPor su parte Doris Osses, agreg\u00f3 que el \u00abel proceso se mantendr\u00e1 hasta el 15 de junio, mientras que los pagos se realizar\u00e1n a partir del pr\u00f3ximo 29 de junio\u00bb.<br \/>\nLa autoridad regional agreg\u00f3 que \u00absi la persona recibi\u00f3 el beneficio en mayo, no ser\u00e1 necesario postular, ya que se renovar\u00e1 de forma autom\u00e1tica\u00bb.<\/p>\n<p><strong><u>Requisitos<\/u><\/strong><\/p>\n<p>Para poder acceder al beneficio, es necesario pertenecer a uno de estos tres grupos priorizados:<\/p>\n<p>Primer grupo:<\/p>\n<p>\u2022 Tener el\u00a0Registro Social de Hogares.<\/p>\n<p>\u2022 Que los integrantes del hogar mayores de edad\u00a0no tengan ingresos formales.<\/p>\n<p>Segundo grupo:<\/p>\n<p>\u2022 Tener el\u00a0Registro Social de Hogares.<\/p>\n<p>\u2022 Que sus integrantes mayores de edad perciban ingresos\u00a0principalmente informales,\u00a0y sus\u00a0ingresos formales no superan el aporte\u00a0que recibir\u00eda el hogar si estuviera en el primer grupo.<\/p>\n<p>Tercer grupo:<\/p>\n<p>\u2022 Tener el\u00a0Registro Social de Hogares.<\/p>\n<p>\u2022 Al menos uno de sus integrantes debe tener 65 a\u00f1os o m\u00e1s de edad y ser beneficiario de la Pensi\u00f3n B\u00e1sica Solidaria de Vejez o Invalidez. O ser beneficiario del Aporte Previsional Solidario de Vejez o Invalidez, siempre y cuando este monto no sea superior a la Pensi\u00f3n B\u00e1sica Solidaria de Vejez o Invalidez.<\/p>\n<p>Las autoridades adem\u00e1s recordaron que el beneficio se paga autom\u00e1ticamente en las cuentas ingresadas al momento de la postulaci\u00f3n, o bien donde ya se han realizado los pagos previos.<\/p>\n","protected":false},"excerpt":{"rendered":"<p>Nacional, junio 221: Gobernador de Diguill\u00edn Roger Cisterna y la Seremi de Desarrollo Social \u00d1uble Doris Osses, difundieron proceso que va desde el 05 al 15 de junio en www.ingresodeemergencia.cl. A partir de este&#46;&#46;&#46;<\/p>\n","protected":false},"author":2,"featured_media":24599,"comment_status":"closed","ping_status":"open","sticky":false,"template":"","format":"standard","meta":{"footnotes":""},"categories":[1],"tags":[2423,1115,8,6,117],"class_list":["post-24598","post","type-post","status-publish","format-standard","has-post-thumbnail","hentry","category-noticias","tag-ingreso-de-emergencia","tag-noticias","tag-yungay","tag-yungayino","tag-yungayinocl"],"_links":{"self":[{"href":"https:\/\/www.yungayino.cl\/noticias\/index.php?rest_route=\/wp\/v2\/posts\/24598","targetHints":{"allow":["GET"]}}],"collection":[{"href":"https:\/\/www.yungayino.cl\/noticias\/index.php?rest_route=\/wp\/v2\/posts"}],"about":[{"href":"https:\/\/www.yungayino.cl\/noticias\/index.php?rest_route=\/wp\/v2\/types\/post"}],"author":[{"embeddable":true,"href":"https:\/\/www.yungayino.cl\/noticias\/index.php?rest_route=\/wp\/v2\/users\/2"}],"replies":[{"embeddable":true,"href":"https:\/\/www.yungayino.cl\/noticias\/index.php?rest_route=%2Fwp%2Fv2%2Fcomments&post=24598"}],"version-history":[{"count":2,"href":"https:\/\/www.yungayino.cl\/noticias\/index.php?rest_route=\/wp\/v2\/posts\/24598\/revisions"}],"predecessor-version":[{"id":24601,"href":"https:\/\/www.yungayino.cl\/noticias\/index.php?rest_route=\/wp\/v2\/posts\/24598\/revisions\/24601"}],"wp:featuredmedia":[{"embeddable":true,"href":"https:\/\/www.yungayino.cl\/noticias\/index.php?rest_route=\/wp\/v2\/media\/24599"}],"wp:attachment":[{"href":"https:\/\/www.yungayino.cl\/noticias\/index.php?rest_route=%2Fwp%2Fv2%2Fmedia&parent=24598"}],"wp:term":[{"taxonomy":"category","embeddable":true,"href":"https:\/\/www.yungayino.cl\/noticias\/index.php?rest_route=%2Fwp%2Fv2%2Fcategories&post=24598"},{"taxonomy":"post_tag","embeddable":true,"href":"https:\/\/www.yungayino.cl\/noticias\/index.php?rest_route=%2Fwp%2Fv2%2Ftags&post=24598"}],"curies":[{"name":"wp","href":"https:\/\/api.w.org\/{rel}","templated":true}]}}