{"id":24619,"date":"2021-06-10T07:00:56","date_gmt":"2021-06-10T10:00:56","guid":{"rendered":"http:\/\/www.yungayino.cl\/noticias\/?p=24619"},"modified":"2021-06-08T19:17:54","modified_gmt":"2021-06-08T22:17:54","slug":"sernameg-inicia-proceso-de-postulacion-a-su-fondo-de-equidad-de-genero","status":"publish","type":"post","link":"https:\/\/www.yungayino.cl\/noticias\/?p=24619","title":{"rendered":"SernamEG Inicia Proceso de Postulaci\u00f3n a su Fondo de Equidad de G\u00e9nero"},"content":{"rendered":"<p><img loading=\"lazy\" decoding=\"async\" class=\"alignnone size-full wp-image-24620\" src=\"http:\/\/www.yungayino.cl\/noticias\/wp-content\/uploads\/2021\/06\/2-1.jpg\" alt=\"\" width=\"700\" height=\"350\" srcset=\"https:\/\/www.yungayino.cl\/noticias\/wp-content\/uploads\/2021\/06\/2-1.jpg 700w, https:\/\/www.yungayino.cl\/noticias\/wp-content\/uploads\/2021\/06\/2-1-300x150.jpg 300w\" sizes=\"auto, (max-width: 700px) 100vw, 700px\" \/><\/p>\n<p style=\"text-align: justify;\">Nacional, junio 2021: Con el fin de contribuir al financiamiento de proyectos nacionales, regionales y\/o locales de programas y actividades de educaci\u00f3n y difusi\u00f3n, que est\u00e9n destinados a fortalecer la participaci\u00f3n, asociatividad y liderazgo de las mujeres, en el marco de la equidad de g\u00e9nero y los derechos humanos de las mismas, el Servicio Nacional de la Mujer y la Equidad de G\u00e9nero, dio el vamos al proceso de postulaci\u00f3n a su Fondo de Equidad de G\u00e9nero.<\/p>\n<p style=\"text-align: justify;\">La Directora Regional de SernamEG, Viviana C\u00e1ceres se refiri\u00f3 al tema \u201cEstos fondos van destinados a la autonom\u00eda de la mujer; la conciliaci\u00f3n de la vida laboral, familiar y personal; la corresponsabilidad de madres y padres; y acciones y medidas que tengan por objeto la prevenci\u00f3n, atenci\u00f3n y reparaci\u00f3n de la violencia contra las mujeres.\u00a0 Es una oportunidad para las organizaciones sociales, y las personas naturales para ir en apoyo de las mujeres de su entorno las y los invitamos a participar de este fondo porque necesitamos que la comunidad se haga parte de la reactivaci\u00f3n econ\u00f3mica, la prevenci\u00f3n de la violencia y la corresponsabilidad, esta es una de las iniciativas que como servicio lideramos para fortalecer las autonom\u00edas de la mujer\u201d.<\/p>\n<p style=\"text-align: justify;\">Pueden <strong>postular hasta el 15 de junio<\/strong>, personas naturales y jur\u00eddicas que cumplan con alg\u00fan proyecto, programa o actividad que tenga como finalidad la autonom\u00eda de la mujer; la conciliaci\u00f3n de la vida laboral, familiar y personal; la corresponsabilidad de madres y padres; y acciones y medidas que tengan por objeto la prevenci\u00f3n, atenci\u00f3n y reparaci\u00f3n de la violencia contra las mujeres.<\/p>\n<p style=\"text-align: justify;\">La Seremi B\u00e1rbara Hennig, destac\u00f3 que \u00abcomo Ministerio queremos seguir promoviendo la autonom\u00eda econ\u00f3mica de las mujeres, conciliando la vida familiar y laboral donde la corresponsabilidad ocupe un lugar fundamental en cada hogar. Es por eso que este fondo para la Equidad de G\u00e9nero de SernamEG es una tremenda oportunidad para muchas mujeres que deseen materializar alguna idea en esta l\u00ednea, de ah\u00ed nuestra invitaci\u00f3n para que todas postulen y puedan obtener hasta un 90% de financiamiento para cada proyecto, programa o actividad, el que sin duda aportar\u00e1 a la reactivaci\u00f3n econ\u00f3mica de la regi\u00f3n\u00bb<\/p>\n<p style=\"text-align: justify;\">Para ello, el SernamEG cuenta con un presupuesto de $86.444.000 para financiar preliminarmente 17 fondos, en donde la Regi\u00f3n de \u00d1uble puede optar a m\u00e1s de 5 proyectos. A cada postulaci\u00f3n se le podr\u00e1 asignar entre $1.000.000 y $5.000.000, lo cual corresponder\u00e1 al financiamiento de hasta el 90% del costo total de cada proyecto, programa o actividad.<\/p>\n<p style=\"text-align: justify;\">\u201cEsta es una de muchas iniciativas que estamos llevando a cabo desde el SernamEG para apoyar a la reactivaci\u00f3n econ\u00f3mica de nuestro pa\u00eds, la cual se ha visto golpeada con la pandemia del Covid-19, y donde la fuerza laboral femenina ha sido la m\u00e1s afectada. Impulsar este fondo nos enorgullece porque, adem\u00e1s, aportar\u00e1 a proyectos focalizados en potenciar las autonom\u00edas de las mujeres as\u00ed como su desarrollo en nuestra sociedad\u201d, reconoci\u00f3 la Directora Nacional (s) del SernamEG, Johanna Olivares Gribbell.<\/p>\n<p style=\"text-align: justify;\">Cabe se\u00f1alar que, dado el contexto de pandemia, la implementaci\u00f3n de los proyectos se podr\u00e1 realizar presencialmente, siempre y cuando las condiciones sanitarias lo permitan. Sin embargo, es obligatorio que los y las postulantes propongan una alternativa en modalidad remota u online para su ejecuci\u00f3n.<\/p>\n<p style=\"text-align: justify;\">En este sentido, el Seremi de Gobierno, Ra\u00fal Mart\u00ednez afirm\u00f3 que \u201ccomo gobierno, sigue siendo una de nuestras prioridades potenciar la autonom\u00eda de la mujer, a trav\u00e9s de herramientas que les permitan tanto el desarrollo profesional como personal. Por ello, una vez m\u00e1s, invitamos a participar de este fondo que buscar apoyar iniciativas orientadas a fortalecer la participaci\u00f3n, la asociatividad y liderazgo femenino. Las mujeres son el pilar de las familias chilenas y cada peso que a ellas se entrega son bien invertidos y por eso la red gubernamental debe estar a su disposici\u00f3n para respaldarlas\u201d.<\/p>\n<p style=\"text-align: justify;\">Los detalles de las Bases, el calendario del proceso de postulaci\u00f3n y un correo para consultas y aclaraciones, se encuentran disponibles en el banner del Fondo Equidad de G\u00e9nero en el sitio web del Servicio <strong><a href=\"http:\/\/www.sernameg.gob.cl\">www.sernameg.gob.cl<\/a><\/strong>. Las postulaciones se realizan de manera online, a trav\u00e9s de este mismo portal, o en la p\u00e1gina\u00a0 <strong><a href=\"http:\/\/www.fondos.gob.cl\">www.fondos.gob.cl<\/a><\/strong><\/p>\n","protected":false},"excerpt":{"rendered":"<p>Nacional, junio 2021: Con el fin de contribuir al financiamiento de proyectos nacionales, regionales y\/o locales de programas y actividades de educaci\u00f3n y difusi\u00f3n, que est\u00e9n destinados a fortalecer la participaci\u00f3n, asociatividad y liderazgo&#46;&#46;&#46;<\/p>\n","protected":false},"author":2,"featured_media":24620,"comment_status":"closed","ping_status":"open","sticky":false,"template":"","format":"standard","meta":{"footnotes":""},"categories":[1],"tags":[2491,1115,1697,8,6,117],"class_list":["post-24619","post","type-post","status-publish","format-standard","has-post-thumbnail","hentry","category-noticias","tag-fondo-equidad-de-genero","tag-noticias","tag-sernameg","tag-yungay","tag-yungayino","tag-yungayinocl"],"_links":{"self":[{"href":"https:\/\/www.yungayino.cl\/noticias\/index.php?rest_route=\/wp\/v2\/posts\/24619","targetHints":{"allow":["GET"]}}],"collection":[{"href":"https:\/\/www.yungayino.cl\/noticias\/index.php?rest_route=\/wp\/v2\/posts"}],"about":[{"href":"https:\/\/www.yungayino.cl\/noticias\/index.php?rest_route=\/wp\/v2\/types\/post"}],"author":[{"embeddable":true,"href":"https:\/\/www.yungayino.cl\/noticias\/index.php?rest_route=\/wp\/v2\/users\/2"}],"replies":[{"embeddable":true,"href":"https:\/\/www.yungayino.cl\/noticias\/index.php?rest_route=%2Fwp%2Fv2%2Fcomments&post=24619"}],"version-history":[{"count":1,"href":"https:\/\/www.yungayino.cl\/noticias\/index.php?rest_route=\/wp\/v2\/posts\/24619\/revisions"}],"predecessor-version":[{"id":24621,"href":"https:\/\/www.yungayino.cl\/noticias\/index.php?rest_route=\/wp\/v2\/posts\/24619\/revisions\/24621"}],"wp:featuredmedia":[{"embeddable":true,"href":"https:\/\/www.yungayino.cl\/noticias\/index.php?rest_route=\/wp\/v2\/media\/24620"}],"wp:attachment":[{"href":"https:\/\/www.yungayino.cl\/noticias\/index.php?rest_route=%2Fwp%2Fv2%2Fmedia&parent=24619"}],"wp:term":[{"taxonomy":"category","embeddable":true,"href":"https:\/\/www.yungayino.cl\/noticias\/index.php?rest_route=%2Fwp%2Fv2%2Fcategories&post=24619"},{"taxonomy":"post_tag","embeddable":true,"href":"https:\/\/www.yungayino.cl\/noticias\/index.php?rest_route=%2Fwp%2Fv2%2Ftags&post=24619"}],"curies":[{"name":"wp","href":"https:\/\/api.w.org\/{rel}","templated":true}]}}