{"id":24667,"date":"2021-06-16T07:00:53","date_gmt":"2021-06-16T10:00:53","guid":{"rendered":"http:\/\/www.yungayino.cl\/noticias\/?p=24667"},"modified":"2021-06-15T20:08:07","modified_gmt":"2021-06-15T23:08:07","slug":"senda-nuble-firma-convenio-de-colaboracion-con-sernameg-para-fortalecer-la-implementacion-y-ejecucion-de-planes-y-politicas-en-favor-de-la-mujer","status":"publish","type":"post","link":"https:\/\/www.yungayino.cl\/noticias\/?p=24667","title":{"rendered":"Senda \u00d1uble Firma Convenio de Colaboraci\u00f3n con Sernameg Para Fortalecer la Implementaci\u00f3n y Ejecuci\u00f3n de Planes y Pol\u00edticas en Favor de la Mujer"},"content":{"rendered":"<p><img loading=\"lazy\" decoding=\"async\" class=\"alignnone size-full wp-image-24668\" src=\"http:\/\/www.yungayino.cl\/noticias\/wp-content\/uploads\/2021\/06\/0-1.jpg\" alt=\"\" width=\"700\" height=\"350\" srcset=\"https:\/\/www.yungayino.cl\/noticias\/wp-content\/uploads\/2021\/06\/0-1.jpg 700w, https:\/\/www.yungayino.cl\/noticias\/wp-content\/uploads\/2021\/06\/0-1-300x150.jpg 300w\" sizes=\"auto, (max-width: 700px) 100vw, 700px\" \/><\/p>\n<p style=\"text-align: justify;\">\u00d1uble, junio 2021: El convenio firmado por Directora Regional de Senda \u00d1uble, Carmen G\u00f3mez y Directora Sernameg \u00d1uble, Viviana C\u00e1ceres agilizar\u00e1 los procesos que van en apoyo a las mujeres afectadas por el consumo de alcohol y otras drogas.<\/p>\n<p style=\"text-align: justify;\">Con la firma del documento entre las dos instituciones p\u00fablicas se concreta la colaboraci\u00f3n para que mujeres de \u00d1uble, puedan acceder a la orientaci\u00f3n y a los centros de tratamiento y rehabilitaci\u00f3n, de acuerdo a los niveles de consumo o complejidad de cada caso.<\/p>\n<p style=\"text-align: justify;\">\u201cEste convenio de colaboraci\u00f3n va ir en ayuda directa de las mujeres en \u00d1uble, que contar\u00e1n con profesionales comprometidos con esta tarea de prevenir y tratar el consumo de alcohol y otras drogas, permitiendo la derivaci\u00f3n a los centros de atenci\u00f3n y con esto iniciar el proceso de cambio que permita salir de este flagelo social, como es el consumo de alcohol y otras drogas\u201d, recalc\u00f3 la Directora Regional\u00a0 de Senda \u00d1uble Carmen G\u00f3mez.<\/p>\n<p style=\"text-align: justify;\">Desde Sernameg \u00d1uble, su directora regional Viviana C\u00e1ceres, se refiere al convenio. \u201cEsta instancia que no solo fortalece al accionar de estas dos instituciones, sino que abre un amplio espacio para la articulaci\u00f3n de\u00a0 pol\u00edticas y programas orientadas a la prevenci\u00f3n y tratamiento, de las mujeres afectadas por el consumo de alcohol y otras drogas, como tambi\u00e9n desde nuestro \u00e1mbito en lo que dice relaci\u00f3n con la violencia ejercida hacia las mujeres, concluy\u00f3 la Directora.<\/p>\n<p style=\"text-align: justify;\">De acuerdo al Estudio Nacional de Drogas en la Poblaci\u00f3n Escolar, realizada por Senda 46.628 escolares de 134 comunas en nuestro pa\u00eds, da cuenta\u00a0 que a\u00fan el consumo de alcohol y otras drogas en este segmento social siguen siendo elevado a pesar del trabajo preventivo.<\/p>\n","protected":false},"excerpt":{"rendered":"<p>\u00d1uble, junio 2021: El convenio firmado por Directora Regional de Senda \u00d1uble, Carmen G\u00f3mez y Directora Sernameg \u00d1uble, Viviana C\u00e1ceres agilizar\u00e1 los procesos que van en apoyo a las mujeres afectadas por el consumo&#46;&#46;&#46;<\/p>\n","protected":false},"author":2,"featured_media":24668,"comment_status":"closed","ping_status":"open","sticky":false,"template":"","format":"standard","meta":{"footnotes":""},"categories":[1],"tags":[1115,1974,1697,8,6,117],"class_list":["post-24667","post","type-post","status-publish","format-standard","has-post-thumbnail","hentry","category-noticias","tag-noticias","tag-senda","tag-sernameg","tag-yungay","tag-yungayino","tag-yungayinocl"],"_links":{"self":[{"href":"https:\/\/www.yungayino.cl\/noticias\/index.php?rest_route=\/wp\/v2\/posts\/24667","targetHints":{"allow":["GET"]}}],"collection":[{"href":"https:\/\/www.yungayino.cl\/noticias\/index.php?rest_route=\/wp\/v2\/posts"}],"about":[{"href":"https:\/\/www.yungayino.cl\/noticias\/index.php?rest_route=\/wp\/v2\/types\/post"}],"author":[{"embeddable":true,"href":"https:\/\/www.yungayino.cl\/noticias\/index.php?rest_route=\/wp\/v2\/users\/2"}],"replies":[{"embeddable":true,"href":"https:\/\/www.yungayino.cl\/noticias\/index.php?rest_route=%2Fwp%2Fv2%2Fcomments&post=24667"}],"version-history":[{"count":1,"href":"https:\/\/www.yungayino.cl\/noticias\/index.php?rest_route=\/wp\/v2\/posts\/24667\/revisions"}],"predecessor-version":[{"id":24669,"href":"https:\/\/www.yungayino.cl\/noticias\/index.php?rest_route=\/wp\/v2\/posts\/24667\/revisions\/24669"}],"wp:featuredmedia":[{"embeddable":true,"href":"https:\/\/www.yungayino.cl\/noticias\/index.php?rest_route=\/wp\/v2\/media\/24668"}],"wp:attachment":[{"href":"https:\/\/www.yungayino.cl\/noticias\/index.php?rest_route=%2Fwp%2Fv2%2Fmedia&parent=24667"}],"wp:term":[{"taxonomy":"category","embeddable":true,"href":"https:\/\/www.yungayino.cl\/noticias\/index.php?rest_route=%2Fwp%2Fv2%2Fcategories&post=24667"},{"taxonomy":"post_tag","embeddable":true,"href":"https:\/\/www.yungayino.cl\/noticias\/index.php?rest_route=%2Fwp%2Fv2%2Ftags&post=24667"}],"curies":[{"name":"wp","href":"https:\/\/api.w.org\/{rel}","templated":true}]}}