{"id":24679,"date":"2021-06-19T07:00:32","date_gmt":"2021-06-19T10:00:32","guid":{"rendered":"http:\/\/www.yungayino.cl\/noticias\/?p=24679"},"modified":"2021-06-17T22:27:02","modified_gmt":"2021-06-18T01:27:02","slug":"a-nueve-meses-desde-su-apertura-el-plan-se-subsidios-al-empleo-ha-beneficiado-a-25-mil-trabajadores-de-nuble","status":"publish","type":"post","link":"https:\/\/www.yungayino.cl\/noticias\/?p=24679","title":{"rendered":"A Nueve Meses Desde su Apertura el Plan se Subsidios al Empleo ha Beneficiado a 25 Mil Trabajadores de \u00d1uble"},"content":{"rendered":"<p><img loading=\"lazy\" decoding=\"async\" class=\"alignnone size-full wp-image-24680\" src=\"http:\/\/www.yungayino.cl\/noticias\/wp-content\/uploads\/2021\/06\/empleo.jpg\" alt=\"\" width=\"700\" height=\"350\" srcset=\"https:\/\/www.yungayino.cl\/noticias\/wp-content\/uploads\/2021\/06\/empleo.jpg 700w, https:\/\/www.yungayino.cl\/noticias\/wp-content\/uploads\/2021\/06\/empleo-300x150.jpg 300w\" sizes=\"auto, (max-width: 700px) 100vw, 700px\" \/><\/p>\n<p style=\"text-align: justify;\">\u00d1uble, junio 2021: Cartera del Trabajo reforz\u00f3 llamado a postular a los dos aportes lanzados m\u00e1s recientemente; \u201cProtege\u201d y \u201cNuevo Empleo\u201d.<\/p>\n<p style=\"text-align: justify;\">A nueve meses de su apertura, el Subsidio al Empleo, a trav\u00e9s de sus cuatro l\u00edneas, ha beneficiado a 25 mil trabajadores y trabajadoras de \u00d1uble, los cuales se desempe\u00f1an en 3.000 empresas que operan en las comunas que conforman la regi\u00f3n.<\/p>\n<p style=\"text-align: justify;\">En el desglose, las dos primeras l\u00edneas que se abrieron \u2013\u201cRegresa\u201d y \u201cContrata\u201d- concentran casi el 90% de las solicitudes. Por ello, tanto la seremi del Trabajo y Previsi\u00f3n Social, Yeniffer Ferrada, como el director regional del Sence, Rodolfo Zaror, reforzaron el llamado a postular a los dos aportes lanzados m\u00e1s recientemente; \u201cProtege\u201d (para madres, padres y tutores legales de ni\u00f1os menores de dos a\u00f1os) y \u201cNuevo Empleo\u201d (para cada nuevo contrato formal).<\/p>\n<p style=\"text-align: justify;\">\u201cDesde septiembre del a\u00f1o pasado, cuando el Presidente Sebasti\u00e1n Pi\u00f1era lanz\u00f3 el plan de subsidios al empleo, vemos que, a la fecha, m\u00e1s de 25 mil trabajadores de nuestra regi\u00f3n han podido retornar a sus fuentes laborales o comenzar una nueva relaci\u00f3n laboral. Estos n\u00fameros representan a cerca del 12% del total de la fuerza laboral local, y por ello es fundamental que estos instrumentos de incentivos contin\u00faen llegando a los empleadores y trabajadores, porque son eficaces a la hora de empujar a la actividad econ\u00f3mica y los empleos formales. Adem\u00e1s, son completamente compatibles con las principales ayudas contenidas en la Red de Protecci\u00f3n Social\u201d, indic\u00f3 la seremi Ferrada.<\/p>\n<p style=\"text-align: justify;\">Por su parte, Zaror explic\u00f3 que el Gobierno \u201cextendi\u00f3 el plazo de postulaci\u00f3n de estos subsidios, hasta fines de junio, por lo que a\u00fan hay tiempo para que las empresas y los trabajadores reciban en adelante este beneficio. Recordemos que en el caso del \u201cProtege\u201d hay ventanas de postulaci\u00f3n y la \u00faltima est\u00e1 hasta el 20 de junio. En el caso del \u201cNuevo Empleo\u201d, la segunda ventana va desde el 1 al 30 de junio, con fecha de pago el 30 de julio. En ambos, es requisito contar con un empleo formal y todo lo que ello implica\u201d.<\/p>\n<p style=\"text-align: justify;\">Para obtener las dos primeras l\u00edneas, es el empleador quien debe enviar la solicitud, mientras que en las dos \u00faltimas es el propio trabajador o trabajadora. En ambos casos, los documentos se adjuntan v\u00eda online, a trav\u00e9s del sitio web <a href=\"https:\/\/www.subsidioalempleo.cl\/\">www.subsidioalempleo.cl<\/a>.<\/p>\n<p style=\"text-align: justify;\">En medio de un balance de la iniciativa a nivel regional, los representantes gubernamentales visitaron el jard\u00edn infantil y sala cuna \u201cPimpol\u00edn\u201d de Chill\u00e1n, donde su due\u00f1a, Sonia Vera, valor\u00f3 la posibilidad que el subsidio \u201cProtege\u201d entrega a madres y padres que necesitan compatibilizar trabajo y familia \u201cpuesto que es fundamental que puedan dejar a sus hijos en lugares donde recibir\u00e1n todos los cuidados necesarios con las medidas y protocolos correspondientes. Nosotros queremos hacer un llamado a que quienes cuenten con este subsidio podr\u00e1n acceder a la matr\u00edcula nuestra, hasta diciembre\u201d.<\/p>\n<p style=\"text-align: justify;\">Los montos de los subsidios al empleo van desde los $50.000 hasta los $290.000 para contratos con una remuneraci\u00f3n mensual bruta menor o igual a 3 Ingresos M\u00ednimos Mensuales ($979.500).<\/p>\n","protected":false},"excerpt":{"rendered":"<p>\u00d1uble, junio 2021: Cartera del Trabajo reforz\u00f3 llamado a postular a los dos aportes lanzados m\u00e1s recientemente; \u201cProtege\u201d y \u201cNuevo Empleo\u201d. A nueve meses de su apertura, el Subsidio al Empleo, a trav\u00e9s de&#46;&#46;&#46;<\/p>\n","protected":false},"author":2,"featured_media":24680,"comment_status":"closed","ping_status":"open","sticky":false,"template":"","format":"standard","meta":{"footnotes":""},"categories":[1],"tags":[1115,1678,2385,8,6,117],"class_list":["post-24679","post","type-post","status-publish","format-standard","has-post-thumbnail","hentry","category-noticias","tag-noticias","tag-nuble","tag-subsidio-al-empleo","tag-yungay","tag-yungayino","tag-yungayinocl"],"_links":{"self":[{"href":"https:\/\/www.yungayino.cl\/noticias\/index.php?rest_route=\/wp\/v2\/posts\/24679","targetHints":{"allow":["GET"]}}],"collection":[{"href":"https:\/\/www.yungayino.cl\/noticias\/index.php?rest_route=\/wp\/v2\/posts"}],"about":[{"href":"https:\/\/www.yungayino.cl\/noticias\/index.php?rest_route=\/wp\/v2\/types\/post"}],"author":[{"embeddable":true,"href":"https:\/\/www.yungayino.cl\/noticias\/index.php?rest_route=\/wp\/v2\/users\/2"}],"replies":[{"embeddable":true,"href":"https:\/\/www.yungayino.cl\/noticias\/index.php?rest_route=%2Fwp%2Fv2%2Fcomments&post=24679"}],"version-history":[{"count":1,"href":"https:\/\/www.yungayino.cl\/noticias\/index.php?rest_route=\/wp\/v2\/posts\/24679\/revisions"}],"predecessor-version":[{"id":24681,"href":"https:\/\/www.yungayino.cl\/noticias\/index.php?rest_route=\/wp\/v2\/posts\/24679\/revisions\/24681"}],"wp:featuredmedia":[{"embeddable":true,"href":"https:\/\/www.yungayino.cl\/noticias\/index.php?rest_route=\/wp\/v2\/media\/24680"}],"wp:attachment":[{"href":"https:\/\/www.yungayino.cl\/noticias\/index.php?rest_route=%2Fwp%2Fv2%2Fmedia&parent=24679"}],"wp:term":[{"taxonomy":"category","embeddable":true,"href":"https:\/\/www.yungayino.cl\/noticias\/index.php?rest_route=%2Fwp%2Fv2%2Fcategories&post=24679"},{"taxonomy":"post_tag","embeddable":true,"href":"https:\/\/www.yungayino.cl\/noticias\/index.php?rest_route=%2Fwp%2Fv2%2Ftags&post=24679"}],"curies":[{"name":"wp","href":"https:\/\/api.w.org\/{rel}","templated":true}]}}