{"id":24699,"date":"2021-06-22T07:00:10","date_gmt":"2021-06-22T10:00:10","guid":{"rendered":"http:\/\/www.yungayino.cl\/noticias\/?p=24699"},"modified":"2021-06-21T18:30:51","modified_gmt":"2021-06-21T21:30:51","slug":"fotolibro-sobre-nuble-ya-es-realidad-y-estara-disponible-en-las-bibliotecas-publicas-de-la-region","status":"publish","type":"post","link":"https:\/\/www.yungayino.cl\/noticias\/?p=24699","title":{"rendered":"Fotolibro Sobre \u00d1uble ya es Realidad y Estar\u00e1 Disponible en las Bibliotecas P\u00fablicas de la Regi\u00f3n"},"content":{"rendered":"<p><img loading=\"lazy\" decoding=\"async\" class=\"alignnone size-full wp-image-24700\" src=\"http:\/\/www.yungayino.cl\/noticias\/wp-content\/uploads\/2021\/06\/fotolibro-nuble.jpg\" alt=\"\" width=\"700\" height=\"375\" srcset=\"https:\/\/www.yungayino.cl\/noticias\/wp-content\/uploads\/2021\/06\/fotolibro-nuble.jpg 700w, https:\/\/www.yungayino.cl\/noticias\/wp-content\/uploads\/2021\/06\/fotolibro-nuble-300x161.jpg 300w, https:\/\/www.yungayino.cl\/noticias\/wp-content\/uploads\/2021\/06\/fotolibro-nuble-280x150.jpg 280w\" sizes=\"auto, (max-width: 700px) 100vw, 700px\" \/><\/p>\n<p style=\"text-align: justify;\">\u00d1uble, junio 2021: Fotolibro \u00d1uble: Retratos de la Nueva Regi\u00f3n, es el nombre del proyecto financiado por el FNDR Cultura 2019 del Gobierno Regional de \u00d1uble, el cual condensa el trabajo realizado por las y los fot\u00f3grafos Paz Err\u00e1zuriz, B\u00e1rbara Oettinger, Sebasti\u00e1n Mej\u00eda, Andr\u00e9s Figueroa y Fernando Melo, quienes retrataron, bajo sus diversas miradas fotogr\u00e1ficas, la identidad del territorio \u00f1ublensino recientemente constituido. El trabajo fue un encargo fotogr\u00e1fico realizado por el Ministerio de las Culturas, las Artes y el Patrimonio, la Universidad de Concepci\u00f3n a trav\u00e9s de Cecal UdeC y la Municipalidad de Chill\u00e1n con su Unidad de Patrimonio para registrar el a\u00f1o cero de \u00d1uble como regi\u00f3n bajo la curator\u00eda de Jorge Gronemeyer.<\/p>\n<p style=\"text-align: justify;\">\u201cEsto es dar sentido real a la inversi\u00f3n p\u00fablica y por eso quiero agradecer a nuestros consejeros regionales que han focalizado los proyectos que benefician a nuestros vecinos. Nos hemos podido acercar al mundo de los artistas, acerc\u00e1ndonos a las bases y haci\u00e9ndolos parte del trabajo de la regi\u00f3n de \u00d1uble\u201d, enfatiz\u00f3 el intendente Crist\u00f3bal Jardua.<\/p>\n<p style=\"text-align: justify;\">\u201cEs importante relevar el trabajo interinstitucional y seremos los encargados de trabajar unidos, as\u00ed como lo hicimos en esta oportunidad con el Gobierno Regional, para que este proyecto no se agote y podamos seguir fotografiando nuestra regi\u00f3n\u201d, relev\u00f3 la seremi de las Culturas, las Artes y el Patrimonio, Mar\u00eda Soledad Castro.<\/p>\n<p style=\"text-align: justify;\">El documento cuenta con m\u00e1s de 100 fotograf\u00edas, en las que destaca espacios urbanos, personajes, paisajes, arquitectura, expresiones culturales, las que representan la idiosincrasia del territorio. La publicaci\u00f3n estar\u00e1 disponible en cada biblioteca p\u00fablica de la regi\u00f3n, quienes recibir\u00e1n dos ejemplares cada una para que puedan ser consultados por la ciudadan\u00eda; adem\u00e1s el fotolibro tiene acceso en su versi\u00f3n digital en las p\u00e1ginas <a href=\"https:\/\/www.cultura.gob.cl\/\"><strong>www.cultura.gob.cl<\/strong><\/a> y <a href=\"https:\/\/www.cecal.udec.cl\/\"><strong>www.cecaludec.cl<\/strong><\/a><\/p>\n<p style=\"text-align: justify;\">El fotolibro es el resultado final de la\u00a0 iniciativa que comenz\u00f3 en 2018 con el encargo institucional y el trabajo en terreno de los fot\u00f3grafos, que continu\u00f3 en 2019 con exposiciones en Cecal UdeC y las plazas de las capitales provinciales de \u00d1uble y que actualmente se encuentra montada en el Centro Cultural La Moneda.<\/p>\n<p style=\"text-align: justify;\">\u201cEstamos dejando historia, estamos trabajando para dejar ese legado visual y escrito para que nadie olvide que en \u00d1uble se escribi\u00f3 una historia notable para el desarrollo y crecimiento de nuestra gente\u201d, agreg\u00f3 el alcalde de Chill\u00e1n, Sergio Zarzar.<\/p>\n<p style=\"text-align: justify;\">\u201cGratitud por el trabajo que han hecho los artistas. Esto refleja el trabajo colaborativo porque las distintas miradas enriquecen el trabajo y el objetivo que se quiere lograr\u201d, declar\u00f3 el director del Campus Chill\u00e1n de la Udec, Pedro Pablo Rojas.<\/p>\n<p style=\"text-align: justify;\"><strong><u>Antecedentes<\/u><\/strong><\/p>\n<p style=\"text-align: justify;\">En el a\u00f1o 2017 la Unidad de Patrimonio de la Municipalidad de Chill\u00e1n, digitaliza el \u00e1lbum \u201cProvincia de \u00d1uble. Chile en la Exposici\u00f3n Iberoamericana de Sevilla\u201d de 1929 y bajo la autor\u00eda de Dar\u00edo Brunet y realiza una exposici\u00f3n en Cecal UdeC.<\/p>\n<p style=\"text-align: justify;\">Es en base a este precedente es que surge la necesidad de replicar el mismo ejercicio realizado hace 90 a\u00f1os, pero esta vez con la libertad de la fotograf\u00eda contempor\u00e1nea nacional. Es as\u00ed que, durante el a\u00f1o 2018, el Ministerio de las Culturas, las Artes y el Patrimonio, la Unidad de Patrimonio de la Municipalidad de Chill\u00e1n y Cecal UdeC convocaron a cinco destacados fot\u00f3grafos para registrar el a\u00f1o cero del nuevo territorio administrativo.<\/p>\n<p style=\"text-align: justify;\">En 2019 se realiza el lanzamiento de la muestra \u00ab\u00d1uble 2019: retratos de la nueva regi\u00f3n\u00bb, expuesta en CECAL UdeC, y que logr\u00f3 una gran convocatoria de p\u00fablico, llegando a casi 6000 personas que visitaron la muestra, tanto en el centro de extensi\u00f3n como en las exposiciones itinerantes instaladas en las capitales provinciales.<\/p>\n<p style=\"text-align: justify;\">En 2020 se presenta el Fotolibro \u00d1uble: Retratos de la Nueva Regi\u00f3n en un lanzamiento virtual, debido a la pandemia por Covid-19 y se inaugura la exposici\u00f3n en el Centro Cultural La Moneda en el coraz\u00f3n c\u00edvico de la capital nacional.<\/p>\n<p style=\"text-align: justify;\">En 2021 se logra la impresi\u00f3n del fotolibro y se entrega a bibliotecas p\u00fablicas, centros culturales y autoridades de la Regi\u00f3n de \u00d1uble. Para 2022 se planifica un ciclo de itinerancia nacional de la exposici\u00f3n.<\/p>\n","protected":false},"excerpt":{"rendered":"<p>\u00d1uble, junio 2021: Fotolibro \u00d1uble: Retratos de la Nueva Regi\u00f3n, es el nombre del proyecto financiado por el FNDR Cultura 2019 del Gobierno Regional de \u00d1uble, el cual condensa el trabajo realizado por las&#46;&#46;&#46;<\/p>\n","protected":false},"author":2,"featured_media":24700,"comment_status":"closed","ping_status":"open","sticky":false,"template":"","format":"standard","meta":{"footnotes":""},"categories":[1],"tags":[2322,1115,1678,8,6,117],"class_list":["post-24699","post","type-post","status-publish","format-standard","has-post-thumbnail","hentry","category-noticias","tag-fotolibro","tag-noticias","tag-nuble","tag-yungay","tag-yungayino","tag-yungayinocl"],"_links":{"self":[{"href":"https:\/\/www.yungayino.cl\/noticias\/index.php?rest_route=\/wp\/v2\/posts\/24699","targetHints":{"allow":["GET"]}}],"collection":[{"href":"https:\/\/www.yungayino.cl\/noticias\/index.php?rest_route=\/wp\/v2\/posts"}],"about":[{"href":"https:\/\/www.yungayino.cl\/noticias\/index.php?rest_route=\/wp\/v2\/types\/post"}],"author":[{"embeddable":true,"href":"https:\/\/www.yungayino.cl\/noticias\/index.php?rest_route=\/wp\/v2\/users\/2"}],"replies":[{"embeddable":true,"href":"https:\/\/www.yungayino.cl\/noticias\/index.php?rest_route=%2Fwp%2Fv2%2Fcomments&post=24699"}],"version-history":[{"count":3,"href":"https:\/\/www.yungayino.cl\/noticias\/index.php?rest_route=\/wp\/v2\/posts\/24699\/revisions"}],"predecessor-version":[{"id":24703,"href":"https:\/\/www.yungayino.cl\/noticias\/index.php?rest_route=\/wp\/v2\/posts\/24699\/revisions\/24703"}],"wp:featuredmedia":[{"embeddable":true,"href":"https:\/\/www.yungayino.cl\/noticias\/index.php?rest_route=\/wp\/v2\/media\/24700"}],"wp:attachment":[{"href":"https:\/\/www.yungayino.cl\/noticias\/index.php?rest_route=%2Fwp%2Fv2%2Fmedia&parent=24699"}],"wp:term":[{"taxonomy":"category","embeddable":true,"href":"https:\/\/www.yungayino.cl\/noticias\/index.php?rest_route=%2Fwp%2Fv2%2Fcategories&post=24699"},{"taxonomy":"post_tag","embeddable":true,"href":"https:\/\/www.yungayino.cl\/noticias\/index.php?rest_route=%2Fwp%2Fv2%2Ftags&post=24699"}],"curies":[{"name":"wp","href":"https:\/\/api.w.org\/{rel}","templated":true}]}}