{"id":24708,"date":"2021-06-24T07:00:22","date_gmt":"2021-06-24T10:00:22","guid":{"rendered":"http:\/\/www.yungayino.cl\/noticias\/?p=24708"},"modified":"2021-06-23T22:25:41","modified_gmt":"2021-06-24T01:25:41","slug":"conforman-la-primera-plataforma-regional-para-la-reduccion-del-riesgo-de-desastres-en-nuble","status":"publish","type":"post","link":"https:\/\/www.yungayino.cl\/noticias\/?p=24708","title":{"rendered":"Conforman la Primera Plataforma Regional Para la Reducci\u00f3n del Riesgo de Desastres en \u00d1uble"},"content":{"rendered":"<p><img loading=\"lazy\" decoding=\"async\" class=\"alignnone size-full wp-image-24709\" src=\"http:\/\/www.yungayino.cl\/noticias\/wp-content\/uploads\/2021\/06\/Primera-sesion-plataforma-Nuble-2.jpg\" alt=\"\" width=\"700\" height=\"291\" srcset=\"https:\/\/www.yungayino.cl\/noticias\/wp-content\/uploads\/2021\/06\/Primera-sesion-plataforma-Nuble-2.jpg 700w, https:\/\/www.yungayino.cl\/noticias\/wp-content\/uploads\/2021\/06\/Primera-sesion-plataforma-Nuble-2-300x125.jpg 300w, https:\/\/www.yungayino.cl\/noticias\/wp-content\/uploads\/2021\/06\/Primera-sesion-plataforma-Nuble-2-361x150.jpg 361w\" sizes=\"auto, (max-width: 700px) 100vw, 700px\" \/><\/p>\n<p style=\"text-align: justify;\">\u00d1uble, junio 2021: En forma telem\u00e1tica, con el fin de aportar a la gesti\u00f3n del riesgo de desastres en el territorio, este mi\u00e9rcoles 23 de junio se dio inicio a la primera sesi\u00f3n de la Plataforma Regional para la Reducci\u00f3n del Riesgo de Desastres en la Regi\u00f3n de \u00d1uble, una instancia de coordinaci\u00f3n intersectorial e interinstitucional, en la que participaron las principales instituciones locales del Sistema de Protecci\u00f3n Civil.<\/p>\n<p style=\"text-align: justify;\">En la regi\u00f3n, la Plataforma est\u00e1 compuesta por diversas organizaciones que trabajan coordinadas y de manera similar a como opera la Plataforma Nacional. De esta manera, se busca &#8211; a trav\u00e9s de esta iniciativa &#8211; aumentar la resiliencia de las comunidades frente a las distintas amenazas presentes en el territorio. Cabe destacar, que esta conformaci\u00f3n es din\u00e1mica, puesto que est\u00e1 permitido extender la convocatoria a otros organismos locales que contribuyan en la gesti\u00f3n del Riesgo de Desastres.<\/p>\n<p style=\"text-align: justify;\">Fue el 03 junio de este a\u00f1o, mediante Resoluci\u00f3n Exenta N\u00b0 281 firmada por el intendente regional, en donde se\u00a0 estableci\u00f3 la conformaci\u00f3n de la Plataforma Regional para la Reducci\u00f3n del Riesgo de Desastres en la Regi\u00f3n de \u00d1uble.<\/p>\n<p style=\"text-align: justify;\">La ceremonia para dar inicio a la Plataforma fue presidida por el intendente de la Regi\u00f3n de \u00d1uble, Crist\u00f3bal Jardua y se efectu\u00f3 a trav\u00e9s de una videoconferencia, en la que estuvieron presentes el Director Nacional de ONEMI, Ricardo Toro, su par regional Gilda Grandon e integrantes del Sistema Regional de Protecci\u00f3n Civil.<\/p>\n<p style=\"text-align: justify;\">Al respecto el intendente de la Regi\u00f3n del \u00d1uble, Crist\u00f3bal Jardua se\u00f1al\u00f3 que \u201cprimero quiero destacar y felicitar el trabajo que realiza el equipo regional de ONEMI en nuestra regi\u00f3n de \u00d1uble, que debido a la diversidad y extensi\u00f3n de nuestro territorio, presentan variadas amenazas.\u201d. Adem\u00e1s la autoridad indic\u00f3 que \u201cHoy es un gran d\u00eda para \u00d1uble, seguimos avanzando en descentralizar, al conformar esta plataforma regional para la reducci\u00f3n del riesgo de desastres, con m\u00e1s de 60 instituciones tanto del \u00e1mbito p\u00fablico como privado, que son parte del Sistema de Protecci\u00f3n Civil y otros que no lo conforman, pero son referentes en la regi\u00f3n, que nos permitir\u00e1 abordar con una mirada m\u00e1s local y certera, los diferentes focos de posibles problemas o riesgos, logrando una coordinaci\u00f3n con una mirada m\u00e1s amplia y participativa, que nos llevar\u00e1 a realizar un mejor trabajo de prevenci\u00f3n para gestionar la disminuci\u00f3n del riesgo en nuestra regi\u00f3n y con ello, otorgar mayor tranquilidad y seguridad a nuestros vecinos\u201d<\/p>\n<p style=\"text-align: justify;\">Por su parte, el Director Nacional de ONEMI, \u00a0Ricardo Toro, asegur\u00f3 que \u201cEs fundamental ir avanzando en la descentralizaci\u00f3n del modelo de gobernanza, que representa la Plataforma Nacional, que funciona desde el a\u00f1o 2012, apuntando a un \u00e1mbito muy importante y necesario, como lo es ampliar la mirada y detenernos\u00a0 en\u00a0 las particularidades territoriales.\u00a0 Por ello, en este esfuerzo gradual de implementaci\u00f3n, nos llena de satisfacci\u00f3n que \u00d1uble \u00a0se transforme en la sexta regi\u00f3n del pa\u00eds en contar con una plataforma regional\u201d.<\/p>\n<p style=\"text-align: justify;\">En este contexto, la Directora Regional de ONEMI \u00d1uble, Gilda Grandon, agreg\u00f3 que \u201cLa conformaci\u00f3n de esta Plataforma, nos permitir\u00e1 avanzar en la importante tarea de lograr incorporar la Reducci\u00f3n del Riesgo de Desastres, de manera transversal en las pol\u00edticas, planes y programas de desarrollo de la regi\u00f3n, en concordancia con los instrumentos nacionales vigentes\u201d.<\/p>\n<p style=\"text-align: justify;\">Finalmente, debemos indicar que la Plataforma Regional de \u00d1uble se suma a las instancias ya creadas a nivel local en Tarapac\u00e1, Coquimbo, Maule, los R\u00edos y Magallanes.<\/p>\n","protected":false},"excerpt":{"rendered":"<p>\u00d1uble, junio 2021: En forma telem\u00e1tica, con el fin de aportar a la gesti\u00f3n del riesgo de desastres en el territorio, este mi\u00e9rcoles 23 de junio se dio inicio a la primera sesi\u00f3n de&#46;&#46;&#46;<\/p>\n","protected":false},"author":2,"featured_media":24709,"comment_status":"closed","ping_status":"open","sticky":false,"template":"","format":"standard","meta":{"footnotes":""},"categories":[1],"tags":[1115,1678,8,6,117],"class_list":["post-24708","post","type-post","status-publish","format-standard","has-post-thumbnail","hentry","category-noticias","tag-noticias","tag-nuble","tag-yungay","tag-yungayino","tag-yungayinocl"],"_links":{"self":[{"href":"https:\/\/www.yungayino.cl\/noticias\/index.php?rest_route=\/wp\/v2\/posts\/24708","targetHints":{"allow":["GET"]}}],"collection":[{"href":"https:\/\/www.yungayino.cl\/noticias\/index.php?rest_route=\/wp\/v2\/posts"}],"about":[{"href":"https:\/\/www.yungayino.cl\/noticias\/index.php?rest_route=\/wp\/v2\/types\/post"}],"author":[{"embeddable":true,"href":"https:\/\/www.yungayino.cl\/noticias\/index.php?rest_route=\/wp\/v2\/users\/2"}],"replies":[{"embeddable":true,"href":"https:\/\/www.yungayino.cl\/noticias\/index.php?rest_route=%2Fwp%2Fv2%2Fcomments&post=24708"}],"version-history":[{"count":1,"href":"https:\/\/www.yungayino.cl\/noticias\/index.php?rest_route=\/wp\/v2\/posts\/24708\/revisions"}],"predecessor-version":[{"id":24710,"href":"https:\/\/www.yungayino.cl\/noticias\/index.php?rest_route=\/wp\/v2\/posts\/24708\/revisions\/24710"}],"wp:featuredmedia":[{"embeddable":true,"href":"https:\/\/www.yungayino.cl\/noticias\/index.php?rest_route=\/wp\/v2\/media\/24709"}],"wp:attachment":[{"href":"https:\/\/www.yungayino.cl\/noticias\/index.php?rest_route=%2Fwp%2Fv2%2Fmedia&parent=24708"}],"wp:term":[{"taxonomy":"category","embeddable":true,"href":"https:\/\/www.yungayino.cl\/noticias\/index.php?rest_route=%2Fwp%2Fv2%2Fcategories&post=24708"},{"taxonomy":"post_tag","embeddable":true,"href":"https:\/\/www.yungayino.cl\/noticias\/index.php?rest_route=%2Fwp%2Fv2%2Ftags&post=24708"}],"curies":[{"name":"wp","href":"https:\/\/api.w.org\/{rel}","templated":true}]}}