{"id":24714,"date":"2021-06-24T18:00:47","date_gmt":"2021-06-24T21:00:47","guid":{"rendered":"https:\/\/www.yungayino.cl\/noticias\/?p=24714"},"modified":"2021-06-24T20:23:01","modified_gmt":"2021-06-24T23:23:01","slug":"arauco-y-forestal-mininco-entregan-arboles-nativos-en-yungay","status":"publish","type":"post","link":"https:\/\/www.yungayino.cl\/noticias\/?p=24714","title":{"rendered":"ARAUCO y Forestal Mininco Entregan Arboles Nativos en Yungay"},"content":{"rendered":"<p><img loading=\"lazy\" decoding=\"async\" class=\"alignnone size-full wp-image-24715\" src=\"http:\/\/www.yungayino.cl\/noticias\/wp-content\/uploads\/2021\/06\/portada-2.jpg\" alt=\"\" width=\"700\" height=\"350\" srcset=\"https:\/\/www.yungayino.cl\/noticias\/wp-content\/uploads\/2021\/06\/portada-2.jpg 700w, https:\/\/www.yungayino.cl\/noticias\/wp-content\/uploads\/2021\/06\/portada-2-300x150.jpg 300w\" sizes=\"auto, (max-width: 700px) 100vw, 700px\" \/><\/p>\n<p style=\"text-align: justify;\">Yungay, junio 2021: En las dependencias de la Escuela Fernando Baquedano de nuestra comuna Representantes de ARAUCO y Forestal Mininco hizo entrega de \u00e1rboles nativos para distintas entidades de Yungay.<\/p>\n<p style=\"text-align: justify;\">Los diferentes ejemplares fueron distribuidos a <strong>Fernando Cabezas<\/strong> de la Uni\u00f3n Comunal de Juntas de Vecinos, <strong>Katherine San Martin y Martin Guti\u00e9rrez<\/strong> de \u00a0Relonche, <strong>Esteban Castillo<\/strong> del Deportivo Real Baquedano, <strong>Ver\u00f3nica Pardo<\/strong> de la Junta Vecinos Valle Templado y <strong>Zoilo Iraz\u00e1bal<\/strong>, Director de la Escuela Fernando Baquedano, el Director se\u00f1al\u00f3 que algunos de estos valiosos \u00e1rboles se utilizar\u00e1n para habilitar una plazoleta al interior de la escuela, generando as\u00ed un espacio de esparcimiento y embelleciendo a\u00fan m\u00e1s el establecimiento educacional.<\/p>\n<p style=\"text-align: justify;\"><strong>Karina P\u00e9rez<\/strong>, Administradora Patrimonial Sector Yungay representando a Forestal Mininco y <strong>Manuel Mu\u00f1oz <\/strong>de ARAUCO se\u00f1alaron a los presentes la importancia de la donaci\u00f3n de estos \u00e1rboles nativos que hoy se entregaron con el fin de conservar y proteger especies \u00fanicas que existen en Chile esperando que ayuden para hermosear la comuna, adem\u00e1s esta actividad se realiz\u00f3 tambi\u00e9n en el contexto de recordar que estamos en el Mes del Medioambiente.<\/p>\n<p>&nbsp;<\/p>\n<p style=\"text-align: justify;\">[su_button url=\u00bbhttps:\/\/mobile.facebook.com\/pg\/yungayino.cl\/photos\/?tab=album&amp;album_id=4631709500177386&#8243; target=\u00bbblank\u00bb size=\u00bb7&#8243; radius=\u00bbround\u00bb icon=\u00bbicon: facebook-square\u00bb]FOTOGRAF\u00cdAS &#8211; ARAUCO y Forestal Mininco Entregan Arboles Nativos en Yungay[\/su_button]<\/p>\n","protected":false},"excerpt":{"rendered":"<p>Yungay, junio 2021: En las dependencias de la Escuela Fernando Baquedano de nuestra comuna Representantes de ARAUCO y Forestal Mininco hizo entrega de \u00e1rboles nativos para distintas entidades de Yungay. Los diferentes ejemplares fueron&#46;&#46;&#46;<\/p>\n","protected":false},"author":2,"featured_media":24715,"comment_status":"closed","ping_status":"open","sticky":false,"template":"","format":"standard","meta":{"footnotes":""},"categories":[1],"tags":[1115,8,6,117],"class_list":["post-24714","post","type-post","status-publish","format-standard","has-post-thumbnail","hentry","category-noticias","tag-noticias","tag-yungay","tag-yungayino","tag-yungayinocl"],"_links":{"self":[{"href":"https:\/\/www.yungayino.cl\/noticias\/index.php?rest_route=\/wp\/v2\/posts\/24714","targetHints":{"allow":["GET"]}}],"collection":[{"href":"https:\/\/www.yungayino.cl\/noticias\/index.php?rest_route=\/wp\/v2\/posts"}],"about":[{"href":"https:\/\/www.yungayino.cl\/noticias\/index.php?rest_route=\/wp\/v2\/types\/post"}],"author":[{"embeddable":true,"href":"https:\/\/www.yungayino.cl\/noticias\/index.php?rest_route=\/wp\/v2\/users\/2"}],"replies":[{"embeddable":true,"href":"https:\/\/www.yungayino.cl\/noticias\/index.php?rest_route=%2Fwp%2Fv2%2Fcomments&post=24714"}],"version-history":[{"count":4,"href":"https:\/\/www.yungayino.cl\/noticias\/index.php?rest_route=\/wp\/v2\/posts\/24714\/revisions"}],"predecessor-version":[{"id":24720,"href":"https:\/\/www.yungayino.cl\/noticias\/index.php?rest_route=\/wp\/v2\/posts\/24714\/revisions\/24720"}],"wp:featuredmedia":[{"embeddable":true,"href":"https:\/\/www.yungayino.cl\/noticias\/index.php?rest_route=\/wp\/v2\/media\/24715"}],"wp:attachment":[{"href":"https:\/\/www.yungayino.cl\/noticias\/index.php?rest_route=%2Fwp%2Fv2%2Fmedia&parent=24714"}],"wp:term":[{"taxonomy":"category","embeddable":true,"href":"https:\/\/www.yungayino.cl\/noticias\/index.php?rest_route=%2Fwp%2Fv2%2Fcategories&post=24714"},{"taxonomy":"post_tag","embeddable":true,"href":"https:\/\/www.yungayino.cl\/noticias\/index.php?rest_route=%2Fwp%2Fv2%2Ftags&post=24714"}],"curies":[{"name":"wp","href":"https:\/\/api.w.org\/{rel}","templated":true}]}}