{"id":24722,"date":"2021-06-28T18:00:30","date_gmt":"2021-06-28T21:00:30","guid":{"rendered":"https:\/\/www.yungayino.cl\/noticias\/?p=24722"},"modified":"2021-06-28T21:52:26","modified_gmt":"2021-06-29T00:52:26","slug":"ceremonia-de-instalacion-concejo-municipal-de-yungay","status":"publish","type":"post","link":"https:\/\/www.yungayino.cl\/noticias\/?p=24722","title":{"rendered":"Ceremonia de Instalaci\u00f3n Concejo Municipal de Yungay"},"content":{"rendered":"<p><img loading=\"lazy\" decoding=\"async\" class=\"alignnone size-full wp-image-24723\" src=\"http:\/\/www.yungayino.cl\/noticias\/wp-content\/uploads\/2021\/06\/concejo-municipal-2021.jpg\" alt=\"\" width=\"700\" height=\"350\" srcset=\"https:\/\/www.yungayino.cl\/noticias\/wp-content\/uploads\/2021\/06\/concejo-municipal-2021.jpg 700w, https:\/\/www.yungayino.cl\/noticias\/wp-content\/uploads\/2021\/06\/concejo-municipal-2021-300x150.jpg 300w\" sizes=\"auto, (max-width: 700px) 100vw, 700px\" \/><\/p>\n<p style=\"text-align: justify;\">Yungay, lunes 28 de junio 2021: A poco m\u00e1s de un mes de las elecciones de mayo en que se defini\u00f3 el nuevo mapa de las alcald\u00edas del pa\u00eds, este lunes desde las 11 de la ma\u00f1ana, asumieron sus cargos los 344 alcaldes y alcaldesas electos y reelectos, junto a los 2.252 concejales que integrar\u00e1n los respectivos concejos municipales.<\/p>\n<p style=\"text-align: justify;\">En nuestra comuna la ceremonia de instalaci\u00f3n del nuevo Concejo Municipal para el per\u00edodo 2021-2024, se llev\u00f3 a cabo en las dependencias de la Biblioteca Municipal, la cual cont\u00f3 con un aforo reducido de acuerdo a las disposiciones sanitarias, por lo que el Municipio realiz\u00f3 de manera virtual la ceremonia que fue transmitida a trav\u00e9s del Facebook del Municipio.<\/p>\n<p style=\"text-align: justify;\">Fue as\u00ed como el alcalde reelecto Rafael Cifuentes Rodr\u00edguez y el nuevo Concejo Municipal de Yungay integrado por Gonzalo Rojas Sandoval, Patricia Moncada Morales, Berta Cid Jofr\u00e9, Ricardo Ramos Mart\u00ednez, Julio N\u00fa\u00f1ez Carrasco y Fernando Cabezas Vallejos prestaron juramento el d\u00eda de hoy.<\/p>\n<p style=\"text-align: justify;\">En su discurso, el alcalde <strong>Rafael Cifuentes<\/strong> agradeci\u00f3 a Dios y a su familia, adem\u00e1s del gran apoyo ciudadano evidenciado en las elecciones municipales, por lo que reafirm\u00f3 su compromiso y el de todos los funcionarios municipales, para seguir trabajando diariamente por la comuna, tambi\u00e9n inst\u00f3 al nuevo consejo a seguir por la senda del di\u00e1logo, apoyo mutuo y velar por beneficio de toda la comuna de Yungay.<\/p>\n<p style=\"text-align: justify;\">Tambi\u00e9n destacar que representantes de la Iglesia Cat\u00f3lica y Evang\u00e9licas, procedieron a entregar una bendici\u00f3n al Nuevo Consejo Municipal que asume.<\/p>\n<p style=\"text-align: justify;\">Finalmente antes de concluir la ceremonia se entregaron reconocimientos a los concejales (as) que dejaron sus cargos, quienes tambi\u00e9n expresaron unas palabras a los presentes.<\/p>\n","protected":false},"excerpt":{"rendered":"<p>Yungay, lunes 28 de junio 2021: A poco m\u00e1s de un mes de las elecciones de mayo en que se defini\u00f3 el nuevo mapa de las alcald\u00edas del pa\u00eds, este lunes desde las 11&#46;&#46;&#46;<\/p>\n","protected":false},"author":2,"featured_media":24723,"comment_status":"closed","ping_status":"open","sticky":false,"template":"","format":"standard","meta":{"footnotes":""},"categories":[1],"tags":[2493,1115,8,6,117],"class_list":["post-24722","post","type-post","status-publish","format-standard","has-post-thumbnail","hentry","category-noticias","tag-concejo-municipal","tag-noticias","tag-yungay","tag-yungayino","tag-yungayinocl"],"_links":{"self":[{"href":"https:\/\/www.yungayino.cl\/noticias\/index.php?rest_route=\/wp\/v2\/posts\/24722","targetHints":{"allow":["GET"]}}],"collection":[{"href":"https:\/\/www.yungayino.cl\/noticias\/index.php?rest_route=\/wp\/v2\/posts"}],"about":[{"href":"https:\/\/www.yungayino.cl\/noticias\/index.php?rest_route=\/wp\/v2\/types\/post"}],"author":[{"embeddable":true,"href":"https:\/\/www.yungayino.cl\/noticias\/index.php?rest_route=\/wp\/v2\/users\/2"}],"replies":[{"embeddable":true,"href":"https:\/\/www.yungayino.cl\/noticias\/index.php?rest_route=%2Fwp%2Fv2%2Fcomments&post=24722"}],"version-history":[{"count":1,"href":"https:\/\/www.yungayino.cl\/noticias\/index.php?rest_route=\/wp\/v2\/posts\/24722\/revisions"}],"predecessor-version":[{"id":24724,"href":"https:\/\/www.yungayino.cl\/noticias\/index.php?rest_route=\/wp\/v2\/posts\/24722\/revisions\/24724"}],"wp:featuredmedia":[{"embeddable":true,"href":"https:\/\/www.yungayino.cl\/noticias\/index.php?rest_route=\/wp\/v2\/media\/24723"}],"wp:attachment":[{"href":"https:\/\/www.yungayino.cl\/noticias\/index.php?rest_route=%2Fwp%2Fv2%2Fmedia&parent=24722"}],"wp:term":[{"taxonomy":"category","embeddable":true,"href":"https:\/\/www.yungayino.cl\/noticias\/index.php?rest_route=%2Fwp%2Fv2%2Fcategories&post=24722"},{"taxonomy":"post_tag","embeddable":true,"href":"https:\/\/www.yungayino.cl\/noticias\/index.php?rest_route=%2Fwp%2Fv2%2Ftags&post=24722"}],"curies":[{"name":"wp","href":"https:\/\/api.w.org\/{rel}","templated":true}]}}