{"id":24739,"date":"2021-07-03T07:00:55","date_gmt":"2021-07-03T10:00:55","guid":{"rendered":"http:\/\/www.yungayino.cl\/noticias\/?p=24739"},"modified":"2021-07-04T22:41:46","modified_gmt":"2021-07-05T01:41:46","slug":"disponibilidad-de-camas-criticas-en-nuble-es-de-un-26","status":"publish","type":"post","link":"https:\/\/www.yungayino.cl\/noticias\/?p=24739","title":{"rendered":"Disponibilidad de Camas Cr\u00edticas en \u00d1uble es de un 26%"},"content":{"rendered":"<p><img loading=\"lazy\" decoding=\"async\" class=\"alignnone size-full wp-image-24740\" src=\"http:\/\/www.yungayino.cl\/noticias\/wp-content\/uploads\/2021\/07\/vacuna.jpg\" alt=\"\" width=\"700\" height=\"351\" srcset=\"https:\/\/www.yungayino.cl\/noticias\/wp-content\/uploads\/2021\/07\/vacuna.jpg 700w, https:\/\/www.yungayino.cl\/noticias\/wp-content\/uploads\/2021\/07\/vacuna-300x150.jpg 300w, https:\/\/www.yungayino.cl\/noticias\/wp-content\/uploads\/2021\/07\/vacuna-299x150.jpg 299w\" sizes=\"auto, (max-width: 700px) 100vw, 700px\" \/><\/p>\n<p style=\"text-align: justify;\">\u00d1uble, julio 2021: Las cifras de la red asistencial contin\u00faan a la baja, sin embargo, el llamado de los expertos es a no descuidarse y aplicar las medidas de prevenci\u00f3n siempre, sobre todo de cara al fin de semana. Durante este s\u00e1bado y domingo continuar\u00e1 la vacunaci\u00f3n en algunas comunas del territorio.<\/p>\n<p style=\"text-align: justify;\">Una positiva evaluaci\u00f3n de los indicadores de la pandemia en la Regi\u00f3n, realizaron autoridades del Servicio de Salud \u00d1uble (SS\u00d1). Esto luego de que, en los \u00faltimos siete d\u00edas, se registrara una disminuci\u00f3n del 32% de los casos de personas hospitalizadas, a causa del virus.<\/p>\n<p style=\"text-align: justify;\">As\u00ed lo confirm\u00f3 el Director del SS\u00d1, Ricardo S\u00e1nchez, quien dio cuenta del estado de los establecimientos de salud. \u201cAl d\u00eda de hoy, 88 personas se encuentran hospitalizadas a causa de esta patolog\u00eda; 51 en unidades de paciente cr\u00edtico y 37 conectadas a ventilaci\u00f3n mec\u00e1nica\u201d.<\/p>\n<p style=\"text-align: justify;\">\u201cA su vez, registramos una disponibilidad del 26% de las camas cr\u00edticas en nuestra red, lo que da cuenta de que estamos registrando mucho mejores indicadores que a inicios del mes pasado. Sin embargo, esto en ning\u00fan caso debe llevarnos a bajar la guardia, los equipos de salud contin\u00faan con una alta carga asistencial, por lo que la prevenci\u00f3n debe continuar siendo prioritaria, sobre todo, de cara al fin de semana, d\u00edas en los que se tienden a relajar las medidas de autocuidado\u201d, destac\u00f3 el directivo.<\/p>\n<p style=\"text-align: justify;\">Siguen los operativos de vacunaci\u00f3n durante el fin de semana<\/p>\n<p style=\"text-align: justify;\">Chill\u00e1n, Chill\u00e1n Viejo, Bulnes, San Carlos, San Fabi\u00e1n y Coihueco son las comunas que continuar\u00e1n con los operativos de vacunaci\u00f3n durante el s\u00e1bado 3 y domingo 4 de julio. En ese sentido, el Subdirector de Gesti\u00f3n Asistencial del SS\u00d1, doctor Max Besser, reconoci\u00f3 el trabajo de los equipos de salud en el avance del proceso de vacunaci\u00f3n.<\/p>\n<p style=\"text-align: justify;\">\u201cEn \u00d1uble desarrollamos una exitosa campa\u00f1a de inmunizaci\u00f3n gracias al excelente trabajo de los equipos de atenci\u00f3n primaria. Tenemos un 79% de personas inoculadas con su esquema completo y un 91% con una dosis. Necesitamos seguir avanzando y para facilitar que las personas accedan a esta campa\u00f1a continuaremos inoculando este fin de semana\u201d explic\u00f3 el especialista.<\/p>\n<p style=\"text-align: justify;\">El doctor Besser, se\u00f1al\u00f3 que los detalles sobre los puntos de vacunaci\u00f3n, se encuentran en el sitio web y las redes sociales del Servicio de Salud @SaludNuble, donde est\u00e1n los horarios y lugares espec\u00edficos.<\/p>\n<p style=\"text-align: justify;\">Respecto de los ex\u00e1menes procesados, se inform\u00f3 un total de 1.917 muestras, con una positividad diaria del 4%.<\/p>\n","protected":false},"excerpt":{"rendered":"<p>\u00d1uble, julio 2021: Las cifras de la red asistencial contin\u00faan a la baja, sin embargo, el llamado de los expertos es a no descuidarse y aplicar las medidas de prevenci\u00f3n siempre, sobre todo de&#46;&#46;&#46;<\/p>\n","protected":false},"author":2,"featured_media":24740,"comment_status":"closed","ping_status":"open","sticky":false,"template":"","format":"standard","meta":{"footnotes":""},"categories":[1,1675],"tags":[1115,65,8,6,117],"class_list":["post-24739","post","type-post","status-publish","format-standard","has-post-thumbnail","hentry","category-noticias","category-saludc","tag-noticias","tag-salud","tag-yungay","tag-yungayino","tag-yungayinocl"],"_links":{"self":[{"href":"https:\/\/www.yungayino.cl\/noticias\/index.php?rest_route=\/wp\/v2\/posts\/24739","targetHints":{"allow":["GET"]}}],"collection":[{"href":"https:\/\/www.yungayino.cl\/noticias\/index.php?rest_route=\/wp\/v2\/posts"}],"about":[{"href":"https:\/\/www.yungayino.cl\/noticias\/index.php?rest_route=\/wp\/v2\/types\/post"}],"author":[{"embeddable":true,"href":"https:\/\/www.yungayino.cl\/noticias\/index.php?rest_route=\/wp\/v2\/users\/2"}],"replies":[{"embeddable":true,"href":"https:\/\/www.yungayino.cl\/noticias\/index.php?rest_route=%2Fwp%2Fv2%2Fcomments&post=24739"}],"version-history":[{"count":2,"href":"https:\/\/www.yungayino.cl\/noticias\/index.php?rest_route=\/wp\/v2\/posts\/24739\/revisions"}],"predecessor-version":[{"id":24742,"href":"https:\/\/www.yungayino.cl\/noticias\/index.php?rest_route=\/wp\/v2\/posts\/24739\/revisions\/24742"}],"wp:featuredmedia":[{"embeddable":true,"href":"https:\/\/www.yungayino.cl\/noticias\/index.php?rest_route=\/wp\/v2\/media\/24740"}],"wp:attachment":[{"href":"https:\/\/www.yungayino.cl\/noticias\/index.php?rest_route=%2Fwp%2Fv2%2Fmedia&parent=24739"}],"wp:term":[{"taxonomy":"category","embeddable":true,"href":"https:\/\/www.yungayino.cl\/noticias\/index.php?rest_route=%2Fwp%2Fv2%2Fcategories&post=24739"},{"taxonomy":"post_tag","embeddable":true,"href":"https:\/\/www.yungayino.cl\/noticias\/index.php?rest_route=%2Fwp%2Fv2%2Ftags&post=24739"}],"curies":[{"name":"wp","href":"https:\/\/api.w.org\/{rel}","templated":true}]}}