{"id":24743,"date":"2021-07-05T07:00:15","date_gmt":"2021-07-05T10:00:15","guid":{"rendered":"http:\/\/www.yungayino.cl\/noticias\/?p=24743"},"modified":"2021-07-04T22:41:28","modified_gmt":"2021-07-05T01:41:28","slug":"19-bandas-y-solistas-de-nuble-se-formaran-en-escuelas-de-rock-y-musica-popular-del-ministerio-de-las-culturas","status":"publish","type":"post","link":"https:\/\/www.yungayino.cl\/noticias\/?p=24743","title":{"rendered":"19 Bandas y Solistas de \u00d1uble se Formar\u00e1n en Escuelas de Rock y M\u00fasica Popular del Ministerio de las Culturas"},"content":{"rendered":"<p><img loading=\"lazy\" decoding=\"async\" class=\"alignnone size-full wp-image-24744\" src=\"http:\/\/www.yungayino.cl\/noticias\/wp-content\/uploads\/2021\/07\/musica.jpg\" alt=\"\" width=\"700\" height=\"704\" srcset=\"https:\/\/www.yungayino.cl\/noticias\/wp-content\/uploads\/2021\/07\/musica.jpg 700w, https:\/\/www.yungayino.cl\/noticias\/wp-content\/uploads\/2021\/07\/musica-298x300.jpg 298w, https:\/\/www.yungayino.cl\/noticias\/wp-content\/uploads\/2021\/07\/musica-150x150.jpg 150w, https:\/\/www.yungayino.cl\/noticias\/wp-content\/uploads\/2021\/07\/musica-149x150.jpg 149w, https:\/\/www.yungayino.cl\/noticias\/wp-content\/uploads\/2021\/07\/musica-80x80.jpg 80w\" sizes=\"auto, (max-width: 700px) 100vw, 700px\" \/><\/p>\n<p style=\"text-align: justify;\">\u00d1uble, julio 2021: Desde el martes 6 al viernes 9 de julio 19 bandas y solistas de \u00d1uble vivir\u00e1n la edici\u00f3n 2021 del ciclo de formaci\u00f3n Escuelas de Rock y M\u00fasica Popular Zona Centro-Sur, un proceso de formaci\u00f3n online que re\u00fane proyectos musicales de las regiones Metropolitana, O\u2019Higgins, Maule, \u00d1uble y Biob\u00edo.<\/p>\n<p style=\"text-align: justify;\">\u201cEstamos muy contentos como Ministerio de las Culturas, las Artes y el Patrimonio por el proceso de convocatoria y selecci\u00f3n, pero, sobre todo, estamos muy orgullosos como regi\u00f3n de \u00d1uble por la cantidad de bandas y solistas seleccionadas para este proceso. Creemos fundamental mantener estas instancias de formaci\u00f3n que fortalecen el ecosistema creativo de nuestra regi\u00f3n, sobre todo en un \u00e1rea tan sensible como la m\u00fasica, que, junto con lo audiovisual, se han identificado como los sectores de mayor desarrollo en las econom\u00edas creativas\u201d, destac\u00f3 la seremi de las Culturas de \u00d1uble, Mar\u00eda Soledad Castro.<\/p>\n<p style=\"text-align: justify;\">M\u00fasicas y m\u00fasicos pertenecientes a las comunas de Chill\u00e1n, Chill\u00e1n Viejo, San Carlos, Quirihue, R\u00e1nquil, <strong>Yungay<\/strong> y Cobquecura participar\u00e1n en clases magistrales de producci\u00f3n musical, producci\u00f3n esc\u00e9nica, producci\u00f3n t\u00e9cnica y gesti\u00f3n y difusi\u00f3n digital. Se trata de Kran, Monster Mosh, Lo Catalira, Perro Tieso, Cecilia Henr\u00edquez, Fegarci, La Turba, Kongen, Florencio Andr\u00e9, Mamba Negra Banda, Desaparecidos An\u00f3nimos, Array\u00e1n Valenzuela, Locomoci\u00f3n Colectiva, Saturno, Nico Jake, Franzen, Miguelino del Campo, Mal Bus y John Kama\u00f1o.<\/p>\n<p style=\"text-align: justify;\">\u201cEstamos contentos porque el hecho de estar adentro te permite asistir a clases sobre temas de los que a veces uno no tiene tanto conocimiento al no ser profesional en el medio. Despu\u00e9s de las clases habr\u00e1 una selecci\u00f3n y ojal\u00e1 podamos quedar en el Rock\u00f3dromo\u201d, cont\u00f3 Francisco Ram\u00edrez de Locomoci\u00f3n Colectiva.<\/p>\n<p style=\"text-align: justify;\">Posteriormente, y una vez finalizadas las clases magistrales de esta primera semana, una comisi\u00f3n evaluar\u00e1 a todos los proyectos participantes, quedando un n\u00famero de ellos seleccionados para formar parte de los festivales -Rock\u00f3dromo, entre ellos- y plataformas de Escuelas de Rock, los cuales se agrupan dentro de la Red Nacional de Festivales. Esta selecci\u00f3n podr\u00e1 acceder a una sesi\u00f3n de producci\u00f3n musical espec\u00edfica para el proyecto. La selecci\u00f3n para festivales ser\u00e1 informada el jueves 15 de julio.<\/p>\n","protected":false},"excerpt":{"rendered":"<p>\u00d1uble, julio 2021: Desde el martes 6 al viernes 9 de julio 19 bandas y solistas de \u00d1uble vivir\u00e1n la edici\u00f3n 2021 del ciclo de formaci\u00f3n Escuelas de Rock y M\u00fasica Popular Zona Centro-Sur,&#46;&#46;&#46;<\/p>\n","protected":false},"author":2,"featured_media":24744,"comment_status":"closed","ping_status":"open","sticky":false,"template":"","format":"standard","meta":{"footnotes":""},"categories":[5,1],"tags":[1115,1678,8,6,117],"class_list":["post-24743","post","type-post","status-publish","format-standard","has-post-thumbnail","hentry","category-eventos","category-noticias","tag-noticias","tag-nuble","tag-yungay","tag-yungayino","tag-yungayinocl"],"_links":{"self":[{"href":"https:\/\/www.yungayino.cl\/noticias\/index.php?rest_route=\/wp\/v2\/posts\/24743","targetHints":{"allow":["GET"]}}],"collection":[{"href":"https:\/\/www.yungayino.cl\/noticias\/index.php?rest_route=\/wp\/v2\/posts"}],"about":[{"href":"https:\/\/www.yungayino.cl\/noticias\/index.php?rest_route=\/wp\/v2\/types\/post"}],"author":[{"embeddable":true,"href":"https:\/\/www.yungayino.cl\/noticias\/index.php?rest_route=\/wp\/v2\/users\/2"}],"replies":[{"embeddable":true,"href":"https:\/\/www.yungayino.cl\/noticias\/index.php?rest_route=%2Fwp%2Fv2%2Fcomments&post=24743"}],"version-history":[{"count":1,"href":"https:\/\/www.yungayino.cl\/noticias\/index.php?rest_route=\/wp\/v2\/posts\/24743\/revisions"}],"predecessor-version":[{"id":24745,"href":"https:\/\/www.yungayino.cl\/noticias\/index.php?rest_route=\/wp\/v2\/posts\/24743\/revisions\/24745"}],"wp:featuredmedia":[{"embeddable":true,"href":"https:\/\/www.yungayino.cl\/noticias\/index.php?rest_route=\/wp\/v2\/media\/24744"}],"wp:attachment":[{"href":"https:\/\/www.yungayino.cl\/noticias\/index.php?rest_route=%2Fwp%2Fv2%2Fmedia&parent=24743"}],"wp:term":[{"taxonomy":"category","embeddable":true,"href":"https:\/\/www.yungayino.cl\/noticias\/index.php?rest_route=%2Fwp%2Fv2%2Fcategories&post=24743"},{"taxonomy":"post_tag","embeddable":true,"href":"https:\/\/www.yungayino.cl\/noticias\/index.php?rest_route=%2Fwp%2Fv2%2Ftags&post=24743"}],"curies":[{"name":"wp","href":"https:\/\/api.w.org\/{rel}","templated":true}]}}