{"id":24764,"date":"2021-07-09T07:00:07","date_gmt":"2021-07-09T10:00:07","guid":{"rendered":"http:\/\/www.yungayino.cl\/noticias\/?p=24764"},"modified":"2021-07-06T16:49:07","modified_gmt":"2021-07-06T19:49:07","slug":"programa-vive-tus-parques-convoca-a-talleres-virtuales-sobre-voluntariado-en-parques-nacionales","status":"publish","type":"post","link":"https:\/\/www.yungayino.cl\/noticias\/?p=24764","title":{"rendered":"Programa Vive Tus Parques Convoca a Talleres Virtuales Sobre Voluntariado en Parques Nacionales"},"content":{"rendered":"<p><img loading=\"lazy\" decoding=\"async\" class=\"size-full wp-image-24765 aligncenter\" src=\"http:\/\/www.yungayino.cl\/noticias\/wp-content\/uploads\/2021\/07\/ViveTusParques-2021.jpg\" alt=\"\" width=\"700\" height=\"875\" srcset=\"https:\/\/www.yungayino.cl\/noticias\/wp-content\/uploads\/2021\/07\/ViveTusParques-2021.jpg 700w, https:\/\/www.yungayino.cl\/noticias\/wp-content\/uploads\/2021\/07\/ViveTusParques-2021-240x300.jpg 240w, https:\/\/www.yungayino.cl\/noticias\/wp-content\/uploads\/2021\/07\/ViveTusParques-2021-120x150.jpg 120w\" sizes=\"auto, (max-width: 700px) 100vw, 700px\" \/><\/p>\n<p style=\"text-align: justify;\">Nacional, julio 2021: El rol que deben cumplir las personas j\u00f3venes en la protecci\u00f3n y conservaci\u00f3n de los parques nacionales, reservas nacionales y monumentos naturales, es el objetivo central de los talleres macrozonales que se realizar\u00e1n en julio en el marco del programa Vive Tus Parques, que desarrolla en nuestro pa\u00eds el Instituto Nacional de la Juventud (INJUV) y la Corporaci\u00f3n Nacional Forestal (CONAF).<\/p>\n<p style=\"text-align: justify;\">Cabe destacar que este programa que naci\u00f3 en 2012, ha movilizado m\u00e1s de 13.500 j\u00f3venes de todo el pa\u00eds en 61 \u00e1reas silvestres protegidas, administradas por CONAF, en trabajos voluntarios de invierno y verano, realizando labores en favor de la protecci\u00f3n de nuestros ecosistemas m\u00e1s vulnerables. Esta actividad y su aproximaci\u00f3n transformadora, se fundamenta en la formaci\u00f3n \u201cpar-a-par\u201d, una metodolog\u00eda de aprendizaje activo donde son las mismas juventudes quienes son protagonistas de la acci\u00f3n voluntaria e intercambian saberes entre s\u00ed.<\/p>\n<p style=\"text-align: justify;\">Y si bien ahora por la pandemia no se pueden realizar labores en terreno, la planificaci\u00f3n de este exitoso programa, que se est\u00e1 implementando en otras naciones latinoamericanas, efectuar\u00e1 dos talleres participativos que busca convocar a 300 j\u00f3venes que tengan inter\u00e9s en conocer t\u00e9cnicas de voluntariado y trabajo en terreno de conservaci\u00f3n en \u00e1reas protegidas del Estado. Los talleres ser\u00e1n te\u00f3rico-pr\u00e1cticos, con \u00e9nfasis en la entrega de herramientas participativas.<\/p>\n<p style=\"text-align: justify;\">Los temas a tratarse son comprender al voluntariado como una estrategia importante para la conservaci\u00f3n y protecci\u00f3n en \u00e1reas protegidas, considerando los actuales mecanismos de participaci\u00f3n que posee (metodolog\u00eda\u00a0est\u00e1ndares abiertos); identificar los pasos claves para liderar iniciativas de voluntariado en \u00e1reas silvestres; y reconocer las principales herramientas y m\u00e9todos para idear iniciativas de voluntariado en \u00e1reas silvestres\u00a0(educaci\u00f3n ambiental).<\/p>\n<p style=\"text-align: justify;\"><strong>La convocatoria para participar de estos talleres ser\u00e1 a partir del 5 de julio a las 18:00 horas y hasta el 18 de julio. Puedes acceder a trav\u00e9s del siguiente link: <\/strong><strong><a href=\"https:\/\/extranet.injuv.gob.cl\/vive_tus_parques\/\">https:\/\/extranet.injuv.gob.cl\/vive_tus_parques\/<\/a><\/strong><\/p>\n<p style=\"text-align: justify;\">Como son s\u00f3lo 300 cupos, la selecci\u00f3n se realizar\u00e1 entre el 19 y 20 de julio para efectuarse estos talleres macrozonales entre el 26 y 30 de julio.<\/p>\n","protected":false},"excerpt":{"rendered":"<p>Nacional, julio 2021: El rol que deben cumplir las personas j\u00f3venes en la protecci\u00f3n y conservaci\u00f3n de los parques nacionales, reservas nacionales y monumentos naturales, es el objetivo central de los talleres macrozonales que&#46;&#46;&#46;<\/p>\n","protected":false},"author":2,"featured_media":24765,"comment_status":"closed","ping_status":"open","sticky":false,"template":"","format":"standard","meta":{"footnotes":""},"categories":[1],"tags":[1115,1567,8,6],"class_list":["post-24764","post","type-post","status-publish","format-standard","has-post-thumbnail","hentry","category-noticias","tag-noticias","tag-yunagyino-cl","tag-yungay","tag-yungayino"],"_links":{"self":[{"href":"https:\/\/www.yungayino.cl\/noticias\/index.php?rest_route=\/wp\/v2\/posts\/24764","targetHints":{"allow":["GET"]}}],"collection":[{"href":"https:\/\/www.yungayino.cl\/noticias\/index.php?rest_route=\/wp\/v2\/posts"}],"about":[{"href":"https:\/\/www.yungayino.cl\/noticias\/index.php?rest_route=\/wp\/v2\/types\/post"}],"author":[{"embeddable":true,"href":"https:\/\/www.yungayino.cl\/noticias\/index.php?rest_route=\/wp\/v2\/users\/2"}],"replies":[{"embeddable":true,"href":"https:\/\/www.yungayino.cl\/noticias\/index.php?rest_route=%2Fwp%2Fv2%2Fcomments&post=24764"}],"version-history":[{"count":1,"href":"https:\/\/www.yungayino.cl\/noticias\/index.php?rest_route=\/wp\/v2\/posts\/24764\/revisions"}],"predecessor-version":[{"id":24766,"href":"https:\/\/www.yungayino.cl\/noticias\/index.php?rest_route=\/wp\/v2\/posts\/24764\/revisions\/24766"}],"wp:featuredmedia":[{"embeddable":true,"href":"https:\/\/www.yungayino.cl\/noticias\/index.php?rest_route=\/wp\/v2\/media\/24765"}],"wp:attachment":[{"href":"https:\/\/www.yungayino.cl\/noticias\/index.php?rest_route=%2Fwp%2Fv2%2Fmedia&parent=24764"}],"wp:term":[{"taxonomy":"category","embeddable":true,"href":"https:\/\/www.yungayino.cl\/noticias\/index.php?rest_route=%2Fwp%2Fv2%2Fcategories&post=24764"},{"taxonomy":"post_tag","embeddable":true,"href":"https:\/\/www.yungayino.cl\/noticias\/index.php?rest_route=%2Fwp%2Fv2%2Ftags&post=24764"}],"curies":[{"name":"wp","href":"https:\/\/api.w.org\/{rel}","templated":true}]}}