{"id":24770,"date":"2021-07-09T10:00:28","date_gmt":"2021-07-09T13:00:28","guid":{"rendered":"http:\/\/www.yungayino.cl\/noticias\/?p=24770"},"modified":"2021-07-07T22:12:08","modified_gmt":"2021-07-08T01:12:08","slug":"aprueban-proyecto-de-fibra-optica-rural-nuble-que-beneficiara-a-mas-de-400-mil-vecinos","status":"publish","type":"post","link":"https:\/\/www.yungayino.cl\/noticias\/?p=24770","title":{"rendered":"Aprueban Proyecto de Fibra \u00d3ptica Rural \u00d1uble que Beneficiar\u00e1 a M\u00e1s de 400 Mil Vecinos"},"content":{"rendered":"<p><img loading=\"lazy\" decoding=\"async\" class=\"alignnone size-full wp-image-24772\" src=\"http:\/\/www.yungayino.cl\/noticias\/wp-content\/uploads\/2021\/07\/1-1.jpg\" alt=\"\" width=\"700\" height=\"350\" srcset=\"https:\/\/www.yungayino.cl\/noticias\/wp-content\/uploads\/2021\/07\/1-1.jpg 700w, https:\/\/www.yungayino.cl\/noticias\/wp-content\/uploads\/2021\/07\/1-1-300x150.jpg 300w\" sizes=\"auto, (max-width: 700px) 100vw, 700px\" \/><\/p>\n<p style=\"text-align: justify;\">\u00d1uble, julio 2021: En la Sesi\u00f3n Ordinaria n\u00famero 68, el Consejo Regional aprob\u00f3 $7.604 millones para concretar dos proyectos que buscan disminuir la brecha digital en \u00d1uble. Este ambicioso proyecto consta de la Fibra \u00d3ptica Rural \u00d1uble y el proyecto de \u00daltima Milla los cuales se focalizan en la penetraci\u00f3n de internet domiciliario de alta velocidad.<\/p>\n<p style=\"text-align: justify;\">Esta iniciativa desarrollada por la seremi de Transportes y Telecomunicaciones en conjunto al Gobierno Regional, busca implementar una soluci\u00f3n robusta al problema de conectividad digital que posee actualmente la regi\u00f3n. Estos proyectos implementar\u00e1n una infraestructura de fibra \u00f3ptica neutra y oscura, donde las empresas de telecomunicaciones podr\u00e1n prestar servicios de telecomunicaciones a todas las ciudades, pueblos y aldeas, como tambi\u00e9n a gran parte de los establecimientos de seguridad, salud y educaci\u00f3n.<\/p>\n<p style=\"text-align: justify;\">El Intendente Regional de \u00d1uble, Crist\u00f3bal Jardua, agradeci\u00f3 el respaldo de los Consejeros a este emblem\u00e1tico proyecto, en el cual se ha venido trabajando en los \u00faltimos a\u00f1os, y que hoy ya cuenta con aprobaci\u00f3n definitiva. \u201cNo es un misterio que nuestra Regi\u00f3n de N?uble presente la menor tasa de penetraci\u00f3n de internet residencial con un 28%, muy por debajo del 49% del promedio nacional, y que a nivel regional tenemos comunas como Ninhue con 0,47% y Trehuaco con 0,25% que tienen menos de 10 hogares con internet residencial\u00bb Agreg\u00f3 que \u00abesta aprobaci\u00f3n viene a dar respuesta a la necesidad que existe de poder acceder a internet y telefon\u00eda en los hogares de \u00d1uble. Se trata de un proyecto que naci\u00f3 hace mucho tiempo, desde que fui Seremi de Transportes y Telecomunicaciones, es por eso que quiero aprovechar esta instancia para agradecer a la seremi actual, B\u00e1rbara Kopplin, por todo el trabajo realizado que hoy permite dar luz verde a esta iniciativa y que cambiar\u00e1 la vida a m\u00e1s de 396 mil habitantes de nuestra regi\u00f3n\u201d, se\u00f1al\u00f3 la m\u00e1xima autoridad regional.<\/p>\n<p style=\"text-align: justify;\">De esta forma, la Fibra \u00d3ptica Rural \u00d1uble desplegar\u00e1 591 kil\u00f3metros de fibra neutra llegando a 15 comunas de la regi\u00f3n y que beneficiar\u00e1 a 151.669 viviendas, lo que representa a cerca de 374.624 vecinos a lo largo de la regi\u00f3n. Asimismo, dentro de la propuesta existe otra iniciativa llamada \u00daltima Milla que busca llegar a los lugares m\u00e1s apartados de \u00d1uble donde las empresas no tienen factibilidad ni posibilidad de inversi\u00f3n debido a la dispersi\u00f3n geogr\u00e1fica de la zona. En concreto, llegar\u00eda a m\u00e1s de 21 mil personas y que necesitar\u00e1 cerca de 270 kil\u00f3metros adicionales de esta fibra \u00f3ptica troncal. Estos proyectos tendr\u00e1n un periodo de implementaci\u00f3n de 40 meses y se espera que est\u00e9 operativo en el a\u00f1o 2024.<\/p>\n<p style=\"text-align: justify;\">Por su parte, la titular de la cartera de Transportes, B\u00e1rbara Kopplin se\u00f1al\u00f3 que \u201cestamos muy contentos de que este proyecto obtuvo la aprobaci\u00f3n necesaria en el Consejo Regional, porque sabemos y estamos convencidos que el proyecto de Fibra \u00d3ptica Regional \u00d1uble y la \u00daltima Milla mejorar\u00e1 la vida de miles de vecinos de nuestra regi\u00f3n. Estas dos iniciativas son complementarias al proyecto Fibra \u00d3ptica Nacional, el cual ya compromet\u00eda dotar de 514 km de fibra \u00f3ptica llegando a 19 comunas de \u00d1uble.\u00a0 Es decir, que para el a\u00f1o 2024 tendremos m\u00e1s de 1000 km de Fibra \u00d3ptica conectando todas las comunas, las ciudades, pueblos y aldeas como tambi\u00e9n, la mayor\u00eda de los establecimientos de Salud, Educaci\u00f3n y Seguridad\u201d.<\/p>\n<p style=\"text-align: justify;\">Finalmente, las autoridades recordaron que estos proyectos se van a complementar con una iniciativa ya adjudicada por Subtel a la empresa WOM, la Fibra \u00d3ptica Nacional, la cual desplegar\u00e1 m\u00e1s de 514 kil\u00f3metros de fibra \u00f3ptica para conectar la cabecera de 19 comunas de la regi\u00f3n. Esta iniciativa tiene una inversi\u00f3n cercana a los $5.500 millones de pesos.<\/p>\n","protected":false},"excerpt":{"rendered":"<p>\u00d1uble, julio 2021: En la Sesi\u00f3n Ordinaria n\u00famero 68, el Consejo Regional aprob\u00f3 $7.604 millones para concretar dos proyectos que buscan disminuir la brecha digital en \u00d1uble. Este ambicioso proyecto consta de la Fibra&#46;&#46;&#46;<\/p>\n","protected":false},"author":2,"featured_media":24772,"comment_status":"closed","ping_status":"open","sticky":false,"template":"","format":"standard","meta":{"footnotes":""},"categories":[1,32],"tags":[2494,1115,1678,8,6,117],"class_list":["post-24770","post","type-post","status-publish","format-standard","has-post-thumbnail","hentry","category-noticias","category-servicios","tag-fibra-optica-rural","tag-noticias","tag-nuble","tag-yungay","tag-yungayino","tag-yungayinocl"],"_links":{"self":[{"href":"https:\/\/www.yungayino.cl\/noticias\/index.php?rest_route=\/wp\/v2\/posts\/24770","targetHints":{"allow":["GET"]}}],"collection":[{"href":"https:\/\/www.yungayino.cl\/noticias\/index.php?rest_route=\/wp\/v2\/posts"}],"about":[{"href":"https:\/\/www.yungayino.cl\/noticias\/index.php?rest_route=\/wp\/v2\/types\/post"}],"author":[{"embeddable":true,"href":"https:\/\/www.yungayino.cl\/noticias\/index.php?rest_route=\/wp\/v2\/users\/2"}],"replies":[{"embeddable":true,"href":"https:\/\/www.yungayino.cl\/noticias\/index.php?rest_route=%2Fwp%2Fv2%2Fcomments&post=24770"}],"version-history":[{"count":1,"href":"https:\/\/www.yungayino.cl\/noticias\/index.php?rest_route=\/wp\/v2\/posts\/24770\/revisions"}],"predecessor-version":[{"id":24773,"href":"https:\/\/www.yungayino.cl\/noticias\/index.php?rest_route=\/wp\/v2\/posts\/24770\/revisions\/24773"}],"wp:featuredmedia":[{"embeddable":true,"href":"https:\/\/www.yungayino.cl\/noticias\/index.php?rest_route=\/wp\/v2\/media\/24772"}],"wp:attachment":[{"href":"https:\/\/www.yungayino.cl\/noticias\/index.php?rest_route=%2Fwp%2Fv2%2Fmedia&parent=24770"}],"wp:term":[{"taxonomy":"category","embeddable":true,"href":"https:\/\/www.yungayino.cl\/noticias\/index.php?rest_route=%2Fwp%2Fv2%2Fcategories&post=24770"},{"taxonomy":"post_tag","embeddable":true,"href":"https:\/\/www.yungayino.cl\/noticias\/index.php?rest_route=%2Fwp%2Fv2%2Ftags&post=24770"}],"curies":[{"name":"wp","href":"https:\/\/api.w.org\/{rel}","templated":true}]}}