{"id":24780,"date":"2021-07-12T18:00:00","date_gmt":"2021-07-12T21:00:00","guid":{"rendered":"http:\/\/www.yungayino.cl\/noticias\/?p=24780"},"modified":"2021-07-12T18:51:09","modified_gmt":"2021-07-12T21:51:09","slug":"cambio-de-senaletica-de-transito-en-calle-tacna-con-arturo-prat","status":"publish","type":"post","link":"https:\/\/www.yungayino.cl\/noticias\/?p=24780","title":{"rendered":"Cambio de Se\u00f1al\u00e9tica de Tr\u00e1nsito en Calle Tacna con Arturo Prat"},"content":{"rendered":"<p><img loading=\"lazy\" decoding=\"async\" class=\"alignnone size-full wp-image-24781\" src=\"http:\/\/www.yungayino.cl\/noticias\/wp-content\/uploads\/2021\/07\/signo-pare.jpg\" alt=\"\" width=\"700\" height=\"350\" srcset=\"https:\/\/www.yungayino.cl\/noticias\/wp-content\/uploads\/2021\/07\/signo-pare.jpg 700w, https:\/\/www.yungayino.cl\/noticias\/wp-content\/uploads\/2021\/07\/signo-pare-300x150.jpg 300w\" sizes=\"auto, (max-width: 700px) 100vw, 700px\" \/><\/p>\n<p style=\"text-align: justify;\">Yungay, julio 2021: Como una forma de mejorar el desplazamiento de peatones desde la Plaza al Banco, la Direcci\u00f3n de Tr\u00e1nsito y Transporte P\u00fablico de la Municipalidad de Yungay informa del cambio de se\u00f1al\u00e9tica vial en la intersecci\u00f3n de calle Tacna con calle Prat.<\/p>\n<p style=\"text-align: justify;\">A contar de esta nueva modificaci\u00f3n, el disco PARE ahora estar\u00e1 instalado desde calle Tacna con Arturo Prat hac\u00eda el norte y la se\u00f1al\u00e9tica de SEDA EL PASO desde calle Tacna con Arturo Prat hac\u00eda el sur. Por lo tanto, se suprime la se\u00f1al\u00e9tica que hab\u00eda con anterioridad.<\/p>\n","protected":false},"excerpt":{"rendered":"<p>Yungay, julio 2021: Como una forma de mejorar el desplazamiento de peatones desde la Plaza al Banco, la Direcci\u00f3n de Tr\u00e1nsito y Transporte P\u00fablico de la Municipalidad de Yungay informa del cambio de se\u00f1al\u00e9tica&#46;&#46;&#46;<\/p>\n","protected":false},"author":2,"featured_media":24781,"comment_status":"closed","ping_status":"open","sticky":false,"template":"","format":"standard","meta":{"footnotes":""},"categories":[1],"tags":[2495,1115,8,6,117],"class_list":["post-24780","post","type-post","status-publish","format-standard","has-post-thumbnail","hentry","category-noticias","tag-cambio-senaletica","tag-noticias","tag-yungay","tag-yungayino","tag-yungayinocl"],"_links":{"self":[{"href":"https:\/\/www.yungayino.cl\/noticias\/index.php?rest_route=\/wp\/v2\/posts\/24780","targetHints":{"allow":["GET"]}}],"collection":[{"href":"https:\/\/www.yungayino.cl\/noticias\/index.php?rest_route=\/wp\/v2\/posts"}],"about":[{"href":"https:\/\/www.yungayino.cl\/noticias\/index.php?rest_route=\/wp\/v2\/types\/post"}],"author":[{"embeddable":true,"href":"https:\/\/www.yungayino.cl\/noticias\/index.php?rest_route=\/wp\/v2\/users\/2"}],"replies":[{"embeddable":true,"href":"https:\/\/www.yungayino.cl\/noticias\/index.php?rest_route=%2Fwp%2Fv2%2Fcomments&post=24780"}],"version-history":[{"count":2,"href":"https:\/\/www.yungayino.cl\/noticias\/index.php?rest_route=\/wp\/v2\/posts\/24780\/revisions"}],"predecessor-version":[{"id":24783,"href":"https:\/\/www.yungayino.cl\/noticias\/index.php?rest_route=\/wp\/v2\/posts\/24780\/revisions\/24783"}],"wp:featuredmedia":[{"embeddable":true,"href":"https:\/\/www.yungayino.cl\/noticias\/index.php?rest_route=\/wp\/v2\/media\/24781"}],"wp:attachment":[{"href":"https:\/\/www.yungayino.cl\/noticias\/index.php?rest_route=%2Fwp%2Fv2%2Fmedia&parent=24780"}],"wp:term":[{"taxonomy":"category","embeddable":true,"href":"https:\/\/www.yungayino.cl\/noticias\/index.php?rest_route=%2Fwp%2Fv2%2Fcategories&post=24780"},{"taxonomy":"post_tag","embeddable":true,"href":"https:\/\/www.yungayino.cl\/noticias\/index.php?rest_route=%2Fwp%2Fv2%2Ftags&post=24780"}],"curies":[{"name":"wp","href":"https:\/\/api.w.org\/{rel}","templated":true}]}}