{"id":24791,"date":"2021-07-14T07:00:47","date_gmt":"2021-07-14T10:00:47","guid":{"rendered":"http:\/\/www.yungayino.cl\/noticias\/?p=24791"},"modified":"2021-07-12T19:05:04","modified_gmt":"2021-07-12T22:05:04","slug":"vive-el-festival-virtual-de-teatro-infantil-y-actividades-familiares-de-invierno-2021","status":"publish","type":"post","link":"https:\/\/www.yungayino.cl\/noticias\/?p=24791","title":{"rendered":"Vive el \u00abFestival Virtual de Teatro Infantil y Actividades Familiares de Invierno 2021\u00bb"},"content":{"rendered":"<p><img loading=\"lazy\" decoding=\"async\" class=\"alignnone size-full wp-image-24792\" src=\"http:\/\/www.yungayino.cl\/noticias\/wp-content\/uploads\/2021\/07\/FESTIVAL_INV_2021.jpg\" alt=\"\" width=\"700\" height=\"350\" srcset=\"https:\/\/www.yungayino.cl\/noticias\/wp-content\/uploads\/2021\/07\/FESTIVAL_INV_2021.jpg 700w, https:\/\/www.yungayino.cl\/noticias\/wp-content\/uploads\/2021\/07\/FESTIVAL_INV_2021-300x150.jpg 300w\" sizes=\"auto, (max-width: 700px) 100vw, 700px\" \/><\/p>\n<p style=\"text-align: justify;\">Nacional, julio 2021: Los d\u00edas fr\u00edos y aburridos desaparecer\u00e1n con el aterrizaje de una nueva versi\u00f3n de esta programaci\u00f3n especial y en l\u00ednea, que la Biblioteca de Santiago ofrecer\u00e1 para grandes y chicas\/os desde el 12 al 25 de julio. Obras de teatro, recitales, talleres y charlas son parte de esta gratuita, educativa y entretenida cartelera que promete encender y motivar esta mitad del 2021.<\/p>\n<p style=\"text-align: justify;\">Como todos los a\u00f1os durante la quincena de julio, en fechas de distenci\u00f3n y ocio de ni\u00f1as y ni\u00f1os, la Biblioteca de Santiago enciende los fuegos con su Festival de Teatro Infantil y Familiar de Invierno, y este 2021 no difiere de lo acontecido, eso s\u00ed con una programaci\u00f3n virtual y para ver en l\u00ednea cuando gustes y cuantas veces quieras durante dos semanas.<\/p>\n<p style=\"text-align: justify;\">El \u00abFestival Virtual de Teatro Infantil y Actividades Familiares de Invierno 2021\u00bb entre el 12 y 25 de julio contar\u00e1 con seis montajes y espect\u00e1culos para disfrutar en familia desde el hogar y m\u00f3vil, con los t\u00edtulos \u00abCha\u00f1ar, l\u00e1grimas de oro\u00bb, \u00abEl mago de Oz\u00bb (versi\u00f3n inclusiva con lengua de se\u00f1as), \u00abLos Pitt\u00bb, \u00abEl Cl\u00e1sico\u00bb, \u00abTico y la piedra m\u00e1gica\u00bb y \u00abPinocho\u201d. Estas obras de teatro se podr\u00e1n ver en el canal Youtube de la Biblioteca de Santiago y tambi\u00e9n se difundir\u00e1n diariamente en las redes sociales de la instituci\u00f3n.<\/p>\n<p style=\"text-align: justify;\">Para bailar y cantar se suman tambi\u00e9n los recitales de las bandas infantiles \u00abGuaypes Club\u00bb y el \u00abGrupo Piececitos\u00bb, dos recitales que van desde el pop, rock y rap hasta sonidos folcl\u00f3ricos y de m\u00fasica latinoamericana. Ambos pensados para un p\u00fablico a partir de los 5 a\u00f1os.<\/p>\n<p style=\"text-align: justify;\">La diversi\u00f3n y aprendizaje est\u00e1n garantizados con los 10 talleres en vivo que se transmitir\u00e1n de lunes a viernes a las 11:00 o 16:00 hrs. durante estas dos semanas, con propuestas como \u00abTaller para tejer calcetines\u00bb, \u00abTaller de Manga\u00bb, \u00abTaller de construcci\u00f3n de Caleidoscopio\u00bb, \u00abTaller de Instrumentos musicales\u00bb, \u00abTaller de Expresi\u00f3n Corporal\u00bb, \u00abTaller de tejido Granny\u00bb, \u00abTaller de Experimentos Cient\u00edficos\u00bb, \u00abTaller de Maquillaje Queer\u00bb, \u00abTaller de baile K-Pop\u00bb y \u00abTaller de Cocina\u00bb. Una variedad para todo tipo de p\u00fablico y gustos.<\/p>\n<p style=\"text-align: justify;\">Finalmente los fines de semana comenzar\u00e1n con todo gracias a dos charlas que se efectuar\u00e1n a las 12:00 hrs. los s\u00e1bados 17 y 24 de julio, primero sobre los misterios del cosmos con la astr\u00f3noma Francisca Contreras (Centro de Astrof\u00edsica CATA) y posteriormente un \u201cLaboratorio de C\u00f3mic: inventa tu propio superh\u00e9roe\u201d (dictado por el guionista de la saga \u201cGuardianes del Sur\u201d, Sebasti\u00e1n Castro), respectivamente. La invitaci\u00f3n est\u00e1 hecha y s\u00f3lo queda compartir, difundir y conectarse para sumarse a esta programaci\u00f3n imperdible y \u00fanica durante el mes de julio.<\/p>\n","protected":false},"excerpt":{"rendered":"<p>Nacional, julio 2021: Los d\u00edas fr\u00edos y aburridos desaparecer\u00e1n con el aterrizaje de una nueva versi\u00f3n de esta programaci\u00f3n especial y en l\u00ednea, que la Biblioteca de Santiago ofrecer\u00e1 para grandes y chicas\/os desde&#46;&#46;&#46;<\/p>\n","protected":false},"author":2,"featured_media":24792,"comment_status":"closed","ping_status":"open","sticky":false,"template":"","format":"standard","meta":{"footnotes":""},"categories":[1],"tags":[1115,8,6,117],"class_list":["post-24791","post","type-post","status-publish","format-standard","has-post-thumbnail","hentry","category-noticias","tag-noticias","tag-yungay","tag-yungayino","tag-yungayinocl"],"_links":{"self":[{"href":"https:\/\/www.yungayino.cl\/noticias\/index.php?rest_route=\/wp\/v2\/posts\/24791","targetHints":{"allow":["GET"]}}],"collection":[{"href":"https:\/\/www.yungayino.cl\/noticias\/index.php?rest_route=\/wp\/v2\/posts"}],"about":[{"href":"https:\/\/www.yungayino.cl\/noticias\/index.php?rest_route=\/wp\/v2\/types\/post"}],"author":[{"embeddable":true,"href":"https:\/\/www.yungayino.cl\/noticias\/index.php?rest_route=\/wp\/v2\/users\/2"}],"replies":[{"embeddable":true,"href":"https:\/\/www.yungayino.cl\/noticias\/index.php?rest_route=%2Fwp%2Fv2%2Fcomments&post=24791"}],"version-history":[{"count":1,"href":"https:\/\/www.yungayino.cl\/noticias\/index.php?rest_route=\/wp\/v2\/posts\/24791\/revisions"}],"predecessor-version":[{"id":24793,"href":"https:\/\/www.yungayino.cl\/noticias\/index.php?rest_route=\/wp\/v2\/posts\/24791\/revisions\/24793"}],"wp:featuredmedia":[{"embeddable":true,"href":"https:\/\/www.yungayino.cl\/noticias\/index.php?rest_route=\/wp\/v2\/media\/24792"}],"wp:attachment":[{"href":"https:\/\/www.yungayino.cl\/noticias\/index.php?rest_route=%2Fwp%2Fv2%2Fmedia&parent=24791"}],"wp:term":[{"taxonomy":"category","embeddable":true,"href":"https:\/\/www.yungayino.cl\/noticias\/index.php?rest_route=%2Fwp%2Fv2%2Fcategories&post=24791"},{"taxonomy":"post_tag","embeddable":true,"href":"https:\/\/www.yungayino.cl\/noticias\/index.php?rest_route=%2Fwp%2Fv2%2Ftags&post=24791"}],"curies":[{"name":"wp","href":"https:\/\/api.w.org\/{rel}","templated":true}]}}