{"id":24798,"date":"2021-07-17T20:00:19","date_gmt":"2021-07-17T23:00:19","guid":{"rendered":"http:\/\/www.yungayino.cl\/noticias\/?p=24798"},"modified":"2021-07-17T22:58:51","modified_gmt":"2021-07-18T01:58:51","slug":"campana-de-invierno-por-una-calefaccion-sustentable-y-consumo-de-lena-responsable-2","status":"publish","type":"post","link":"https:\/\/www.yungayino.cl\/noticias\/?p=24798","title":{"rendered":"Campa\u00f1a de Invierno por una Calefacci\u00f3n Sustentable y Consumo de Le\u00f1a Responsable"},"content":{"rendered":"<p><img loading=\"lazy\" decoding=\"async\" class=\"alignnone size-full wp-image-24800\" src=\"http:\/\/www.yungayino.cl\/noticias\/wp-content\/uploads\/2021\/07\/cafefaccion-sustentable.jpg\" alt=\"\" width=\"700\" height=\"350\" srcset=\"https:\/\/www.yungayino.cl\/noticias\/wp-content\/uploads\/2021\/07\/cafefaccion-sustentable.jpg 700w, https:\/\/www.yungayino.cl\/noticias\/wp-content\/uploads\/2021\/07\/cafefaccion-sustentable-300x150.jpg 300w\" sizes=\"auto, (max-width: 700px) 100vw, 700px\" \/><\/p>\n<p style=\"text-align: justify;\">Yungay, julio 2021: Se inici\u00f3 la segunda versi\u00f3n de la campa\u00f1a municipal que busca incentivar en la comunidad yungayina h\u00e1bitos y buenas pr\u00e1cticas asociadas a la calefacci\u00f3n domiciliaria.<\/p>\n<p style=\"text-align: justify;\">Una calefacci\u00f3n sustentable tiene aspectos positivos tanto para la salud de las personas, como para el cuidado ambiental y el bienestar del hogar. Tambi\u00e9n significa un aporte en lo econ\u00f3mico debido a que reduce el consumo de combustible y energ\u00eda.<\/p>\n<p style=\"text-align: justify;\">Mediante esta iniciativa, se busca concientizar a la poblaci\u00f3n sobre la importancia del consumo de le\u00f1a seca, ya que el uso de le\u00f1a h\u00fameda como combustible para calefacci\u00f3n es la principal causa de contaminaci\u00f3n del aire en zonas residenciales durante los meses de invierno, cuyas concentraciones de contaminantes aumentan la probabilidad de contraer enfermedades respiratorias.<\/p>\n<p style=\"text-align: justify;\">En el actual contexto de Covid-19, cobra especial relevancia ayudar a reducir todos aquellos factores que pueden incidir en la agudizaci\u00f3n de las condiciones sanitarias y ambientales tanto intra como extra domiciliaria.<\/p>\n<p style=\"text-align: justify;\">Por medio de esta campa\u00f1a, se ha re-habilitado un portal web con una variada gama de informaci\u00f3n interactiva sobre esta materia.<\/p>\n<p style=\"text-align: justify;\">Se invita a la comunidad a sumarse a esta campa\u00f1a, para que juntos respiremos un aire m\u00e1s limpio.<\/p>\n<p style=\"text-align: justify;\">M\u00e1s informaci\u00f3n en: <a href=\"https:\/\/www.yungay.cl\/calefaccion-sustentable\/?fbclid=IwAR1okgLxFWtY3x1C_ERbXS4gTex_rFZJinet7KTcs8woIoock_WTF-44TuM\">https:\/\/www.yungay.cl\/calefaccion-sustentable\/?fbclid=IwAR1okgLxFWtY3x1C_ERbXS4gTex_rFZJinet7KTcs8woIoock_WTF-44TuM<\/a><\/p>\n","protected":false},"excerpt":{"rendered":"<p>Yungay, julio 2021: Se inici\u00f3 la segunda versi\u00f3n de la campa\u00f1a municipal que busca incentivar en la comunidad yungayina h\u00e1bitos y buenas pr\u00e1cticas asociadas a la calefacci\u00f3n domiciliaria. Una calefacci\u00f3n sustentable tiene aspectos positivos&#46;&#46;&#46;<\/p>\n","protected":false},"author":2,"featured_media":24800,"comment_status":"closed","ping_status":"open","sticky":false,"template":"","format":"standard","meta":{"footnotes":""},"categories":[1],"tags":[2250,1115,8,6,117],"class_list":["post-24798","post","type-post","status-publish","format-standard","has-post-thumbnail","hentry","category-noticias","tag-calefaccion-sustentable","tag-noticias","tag-yungay","tag-yungayino","tag-yungayinocl"],"_links":{"self":[{"href":"https:\/\/www.yungayino.cl\/noticias\/index.php?rest_route=\/wp\/v2\/posts\/24798","targetHints":{"allow":["GET"]}}],"collection":[{"href":"https:\/\/www.yungayino.cl\/noticias\/index.php?rest_route=\/wp\/v2\/posts"}],"about":[{"href":"https:\/\/www.yungayino.cl\/noticias\/index.php?rest_route=\/wp\/v2\/types\/post"}],"author":[{"embeddable":true,"href":"https:\/\/www.yungayino.cl\/noticias\/index.php?rest_route=\/wp\/v2\/users\/2"}],"replies":[{"embeddable":true,"href":"https:\/\/www.yungayino.cl\/noticias\/index.php?rest_route=%2Fwp%2Fv2%2Fcomments&post=24798"}],"version-history":[{"count":1,"href":"https:\/\/www.yungayino.cl\/noticias\/index.php?rest_route=\/wp\/v2\/posts\/24798\/revisions"}],"predecessor-version":[{"id":24801,"href":"https:\/\/www.yungayino.cl\/noticias\/index.php?rest_route=\/wp\/v2\/posts\/24798\/revisions\/24801"}],"wp:featuredmedia":[{"embeddable":true,"href":"https:\/\/www.yungayino.cl\/noticias\/index.php?rest_route=\/wp\/v2\/media\/24800"}],"wp:attachment":[{"href":"https:\/\/www.yungayino.cl\/noticias\/index.php?rest_route=%2Fwp%2Fv2%2Fmedia&parent=24798"}],"wp:term":[{"taxonomy":"category","embeddable":true,"href":"https:\/\/www.yungayino.cl\/noticias\/index.php?rest_route=%2Fwp%2Fv2%2Fcategories&post=24798"},{"taxonomy":"post_tag","embeddable":true,"href":"https:\/\/www.yungayino.cl\/noticias\/index.php?rest_route=%2Fwp%2Fv2%2Ftags&post=24798"}],"curies":[{"name":"wp","href":"https:\/\/api.w.org\/{rel}","templated":true}]}}