{"id":24829,"date":"2021-07-25T07:00:18","date_gmt":"2021-07-25T10:00:18","guid":{"rendered":"http:\/\/www.yungayino.cl\/noticias\/?p=24829"},"modified":"2021-07-22T15:55:25","modified_gmt":"2021-07-22T18:55:25","slug":"informacion-calefaccion-sustentable","status":"publish","type":"post","link":"https:\/\/www.yungayino.cl\/noticias\/?p=24829","title":{"rendered":"Informaci\u00f3n Calefacci\u00f3n Sustentable"},"content":{"rendered":"<p><img loading=\"lazy\" decoding=\"async\" class=\"alignnone size-full wp-image-24831\" src=\"http:\/\/www.yungayino.cl\/noticias\/wp-content\/uploads\/2021\/07\/22-julio-lena.jpg\" alt=\"\" width=\"2048\" height=\"2047\" srcset=\"https:\/\/www.yungayino.cl\/noticias\/wp-content\/uploads\/2021\/07\/22-julio-lena.jpg 2048w, https:\/\/www.yungayino.cl\/noticias\/wp-content\/uploads\/2021\/07\/22-julio-lena-300x300.jpg 300w, https:\/\/www.yungayino.cl\/noticias\/wp-content\/uploads\/2021\/07\/22-julio-lena-1024x1024.jpg 1024w, https:\/\/www.yungayino.cl\/noticias\/wp-content\/uploads\/2021\/07\/22-julio-lena-150x150.jpg 150w, https:\/\/www.yungayino.cl\/noticias\/wp-content\/uploads\/2021\/07\/22-julio-lena-1536x1536.jpg 1536w, https:\/\/www.yungayino.cl\/noticias\/wp-content\/uploads\/2021\/07\/22-julio-lena-80x80.jpg 80w, https:\/\/www.yungayino.cl\/noticias\/wp-content\/uploads\/2021\/07\/22-julio-lena-320x320.jpg 320w\" sizes=\"auto, (max-width: 2048px) 100vw, 2048px\" \/><\/p>\n<p style=\"text-align: justify;\">En invierno se generan episodios de mala calidad del aire debido al significativo consumo de le\u00f1a h\u00fameda para calefacci\u00f3n domiciliaria, provocando efectos sobre el sistema respiratorio principalmente, y en muchos casos enfermedades respiratorias.<\/p>\n<p style=\"text-align: justify;\">Es por esto que la Municipalidad de Yungay hace una invitaci\u00f3n a consumir le\u00f1a seca y efectuar una calefacci\u00f3n sustentable.<\/p>\n<p style=\"text-align: justify;\">Para m\u00e1s informaci\u00f3n, visita <a href=\"http:\/\/www.yungay.cl\/calefaccion-sustentable\/\">http:\/\/www.yungay.cl\/calefaccion-sustentable\/<\/a><\/p>\n","protected":false},"excerpt":{"rendered":"<p>En invierno se generan episodios de mala calidad del aire debido al significativo consumo de le\u00f1a h\u00fameda para calefacci\u00f3n domiciliaria, provocando efectos sobre el sistema respiratorio principalmente, y en muchos casos enfermedades respiratorias. Es&#46;&#46;&#46;<\/p>\n","protected":false},"author":2,"featured_media":24830,"comment_status":"closed","ping_status":"open","sticky":false,"template":"","format":"standard","meta":{"footnotes":""},"categories":[1],"tags":[1115,8,6,117],"class_list":["post-24829","post","type-post","status-publish","format-standard","has-post-thumbnail","hentry","category-noticias","tag-noticias","tag-yungay","tag-yungayino","tag-yungayinocl"],"_links":{"self":[{"href":"https:\/\/www.yungayino.cl\/noticias\/index.php?rest_route=\/wp\/v2\/posts\/24829","targetHints":{"allow":["GET"]}}],"collection":[{"href":"https:\/\/www.yungayino.cl\/noticias\/index.php?rest_route=\/wp\/v2\/posts"}],"about":[{"href":"https:\/\/www.yungayino.cl\/noticias\/index.php?rest_route=\/wp\/v2\/types\/post"}],"author":[{"embeddable":true,"href":"https:\/\/www.yungayino.cl\/noticias\/index.php?rest_route=\/wp\/v2\/users\/2"}],"replies":[{"embeddable":true,"href":"https:\/\/www.yungayino.cl\/noticias\/index.php?rest_route=%2Fwp%2Fv2%2Fcomments&post=24829"}],"version-history":[{"count":1,"href":"https:\/\/www.yungayino.cl\/noticias\/index.php?rest_route=\/wp\/v2\/posts\/24829\/revisions"}],"predecessor-version":[{"id":24832,"href":"https:\/\/www.yungayino.cl\/noticias\/index.php?rest_route=\/wp\/v2\/posts\/24829\/revisions\/24832"}],"wp:featuredmedia":[{"embeddable":true,"href":"https:\/\/www.yungayino.cl\/noticias\/index.php?rest_route=\/wp\/v2\/media\/24830"}],"wp:attachment":[{"href":"https:\/\/www.yungayino.cl\/noticias\/index.php?rest_route=%2Fwp%2Fv2%2Fmedia&parent=24829"}],"wp:term":[{"taxonomy":"category","embeddable":true,"href":"https:\/\/www.yungayino.cl\/noticias\/index.php?rest_route=%2Fwp%2Fv2%2Fcategories&post=24829"},{"taxonomy":"post_tag","embeddable":true,"href":"https:\/\/www.yungayino.cl\/noticias\/index.php?rest_route=%2Fwp%2Fv2%2Ftags&post=24829"}],"curies":[{"name":"wp","href":"https:\/\/api.w.org\/{rel}","templated":true}]}}