{"id":2483,"date":"2009-11-23T20:00:11","date_gmt":"2009-11-24T00:00:11","guid":{"rendered":"http:\/\/www.yungayino.cl\/noticias\/?p=2483"},"modified":"2009-11-23T20:12:04","modified_gmt":"2009-11-24T00:12:04","slug":"comunicado-remanufactura-melillanka","status":"publish","type":"post","link":"https:\/\/www.yungayino.cl\/noticias\/?p=2483","title":{"rendered":"Comunicado Remanufactura Melillanka"},"content":{"rendered":"<p><img decoding=\"async\" src=\"http:\/\/www.yungayino.cl\/imagenes\/logomelillanka.jpg\" alt=\"Comunicado Remanufactura Melillanka\" \/><\/p>\n<p align=\"justify\"><font size=\"2\">Como es de conocimiento de la opini\u00f3n publica de la comuna de Yungay y localidades aleda\u00f1as, desde el d\u00eda lunes 16 de noviembre nuestra empresa se encuentra afectada por una toma ilegal por parte de los trabajadores de los sindicatos Melillanka de Planta Remanufactura y las Ra\u00edces de Planta Vigas Laminadas. Debido a lo anterior nos vemos en la obligaci\u00f3n de informar a la comunidad lo siguiente:<br \/>\n&#8211; La empresa no se encuentra en ning\u00fan proceso de negociaci\u00f3n colectiva ni tampoco tiene temas pendientes con sus trabajadores. La fecha de t\u00e9rmino de los convenios colectivos vigentes es marzo de 2011 (Sindicato Melillanka) y agosto 2010 (Sindicato Las Ra\u00edces), por lo que este movimiento est\u00e1 totalmente fuera de la legalidad.<br \/>\n&#8211; Desde el primer d\u00eda hemos intentado dialogar con los dirigentes, los cuales se han negado en forma reiterada sin darnos ninguna posibilidad de acceso a nuestras instalaciones.<br \/>\n&#8211; Existe un porcentaje importante de trabajadores que no est\u00e1n adheridos a esta movilizaci\u00f3n, los cuales hemos mantenido en capacitaci\u00f3n de tal forma de no afectar su fuente laboral. Como empresa estamos haciendo los esfuerzos para mantenernos en esta condici\u00f3n, pero a medida que pasan los d\u00edas la situaci\u00f3n se hace cada vez m\u00e1s dif\u00edcil.<br \/>\n&#8211; Tambi\u00e9n sabemos que este conflicto est\u00e1 afectando seriamente a las empresas proveedoras y de servicio que funcionan en torno a nuestra operaci\u00f3n, para las cuales s\u00f3lo podemos pedir su entendimiento y apoyo.<br \/>\n&#8211; En los medios hemos visto como se ha querido desprestigiar la imagen de Melillanka en la comuna, lo que lamentamos profundamente, sin embargo seguiremos trabajando fieles a nuestra pol\u00edtica de empresa responsable que contribuye al desarrollo de sus trabajadores, sus familias y comunidad.<br \/>\n&#8211; Sobre la denuncia de amenazas que han recibido algunos trabajadores que no adhieren a la toma, queremos manifestar nuestro total rechazo a estas pr\u00e1cticas, que no responden a la actitud de dialogo y respeto que permanentemente hemos tenido.<br \/>\n&#8211; Cabe destacar que la empresa continuar\u00e1 realizando todas las acciones que est\u00e9n a su alcance para normalizar sus actividades lo antes posible y que todas las determinaciones que toma, las hace en forma seria, responsable y con decisi\u00f3n.<br \/>\n&#8211; Por \u00faltimo esperamos \u00e9ste conflicto se deponga a la brevedad y nuestros trabajadores retomen sus labores, para no continuar poniendo en riesgo nuestra fuente laboral.<br \/>\nRodrigo Inostroza Castro<br \/>\nGerente Sociedad Maderera Melillanka Ltda.<br \/>\nYungay, 23 Noviembre 2009<\/a><\/font><\/p>\n","protected":false},"excerpt":{"rendered":"<p>Como es de conocimiento de la opini\u00f3n publica de la comuna de Yungay y localidades aleda\u00f1as, desde el d\u00eda lunes 16 de noviembre nuestra empresa se encuentra afectada por una toma ilegal por parte&#46;&#46;&#46;<\/p>\n","protected":false},"author":2,"featured_media":15167,"comment_status":"open","ping_status":"open","sticky":false,"template":"","format":"standard","meta":{"footnotes":""},"categories":[1],"tags":[107,108,8,6],"class_list":["post-2483","post","type-post","status-publish","format-standard","has-post-thumbnail","hentry","category-noticias","tag-melillanka","tag-paro-trabajadores","tag-yungay","tag-yungayino"],"_links":{"self":[{"href":"https:\/\/www.yungayino.cl\/noticias\/index.php?rest_route=\/wp\/v2\/posts\/2483","targetHints":{"allow":["GET"]}}],"collection":[{"href":"https:\/\/www.yungayino.cl\/noticias\/index.php?rest_route=\/wp\/v2\/posts"}],"about":[{"href":"https:\/\/www.yungayino.cl\/noticias\/index.php?rest_route=\/wp\/v2\/types\/post"}],"author":[{"embeddable":true,"href":"https:\/\/www.yungayino.cl\/noticias\/index.php?rest_route=\/wp\/v2\/users\/2"}],"replies":[{"embeddable":true,"href":"https:\/\/www.yungayino.cl\/noticias\/index.php?rest_route=%2Fwp%2Fv2%2Fcomments&post=2483"}],"version-history":[{"count":9,"href":"https:\/\/www.yungayino.cl\/noticias\/index.php?rest_route=\/wp\/v2\/posts\/2483\/revisions"}],"predecessor-version":[{"id":2493,"href":"https:\/\/www.yungayino.cl\/noticias\/index.php?rest_route=\/wp\/v2\/posts\/2483\/revisions\/2493"}],"wp:featuredmedia":[{"embeddable":true,"href":"https:\/\/www.yungayino.cl\/noticias\/index.php?rest_route=\/wp\/v2\/media\/15167"}],"wp:attachment":[{"href":"https:\/\/www.yungayino.cl\/noticias\/index.php?rest_route=%2Fwp%2Fv2%2Fmedia&parent=2483"}],"wp:term":[{"taxonomy":"category","embeddable":true,"href":"https:\/\/www.yungayino.cl\/noticias\/index.php?rest_route=%2Fwp%2Fv2%2Fcategories&post=2483"},{"taxonomy":"post_tag","embeddable":true,"href":"https:\/\/www.yungayino.cl\/noticias\/index.php?rest_route=%2Fwp%2Fv2%2Ftags&post=2483"}],"curies":[{"name":"wp","href":"https:\/\/api.w.org\/{rel}","templated":true}]}}