{"id":24865,"date":"2021-08-01T07:00:39","date_gmt":"2021-08-01T10:00:39","guid":{"rendered":"http:\/\/www.yungayino.cl\/noticias\/?p=24865"},"modified":"2021-07-30T17:42:49","modified_gmt":"2021-07-30T20:42:49","slug":"autoridades-argentinas-ven-con-buenos-ojos-avances-en-pichachen-y-se-suman-a-proyecto-vial","status":"publish","type":"post","link":"https:\/\/www.yungayino.cl\/noticias\/?p=24865","title":{"rendered":"Autoridades Argentinas Ven con Buenos Ojos Avances en Pichach\u00e9n y se Suman a Proyecto Vial"},"content":{"rendered":"<p><img loading=\"lazy\" decoding=\"async\" class=\"alignnone size-full wp-image-24866\" src=\"http:\/\/www.yungayino.cl\/noticias\/wp-content\/uploads\/2021\/07\/paso-pichachen.jpg\" alt=\"\" width=\"700\" height=\"350\" srcset=\"https:\/\/www.yungayino.cl\/noticias\/wp-content\/uploads\/2021\/07\/paso-pichachen.jpg 700w, https:\/\/www.yungayino.cl\/noticias\/wp-content\/uploads\/2021\/07\/paso-pichachen-300x150.jpg 300w\" sizes=\"auto, (max-width: 700px) 100vw, 700px\" \/><\/p>\n<p style=\"text-align: justify;\">Biob\u00edo, julio 2021: El Delegado Presidencial Ignacio Fica present\u00f3 las inversiones del Gobierno chileno en el complejo fronterizo de Biob\u00edo ante representantes trasandinos, quienes comprometieron conseguir recursos de pavimentaci\u00f3n para mejorar el camino tambi\u00e9n en el pa\u00eds vecino.<\/p>\n<p style=\"text-align: justify;\">Esta jornada el Gobierno present\u00f3 ante autoridades de la Rep\u00fablica Argentina los avances que presenta el Complejo Fronterizo Pichach\u00e9n en Antuco, cuya ejecuci\u00f3n de obras comienza este mismo a\u00f1o.<\/p>\n<p style=\"text-align: justify;\">En un encuentro virtual, las autoridades trasandinas fueron encabezadas por el Gobernador de la provincia de Neuqu\u00e9n, Omar Guti\u00e9rrez y el Intendente de El Cholar, N\u00e9stor Fuentes, quien destac\u00f3 la reuni\u00f3n con autoridades chilenas y precis\u00f3 que el mismo Gobernador \u201cse comprometi\u00f3 a conseguir los recursos para la Ruta 6, que nos lleva al paso internacional\u201d.<\/p>\n<p style=\"text-align: justify;\">Fuentes tambi\u00e9n indic\u00f3 que \u201cquiero felicitar al Gobierno chileno por todas las inversiones que se van a realizar en el complejo. Destacar el firme compromiso del delegado presidencial Ignacio Fica y de todos los alcaldes de Biob\u00edo, especialmente con nuestra comunidad hermana de Antuco, con la que hemos podido hacer diversos intercambios deportivos, culturales, religiosos y educativos\u201d.<\/p>\n<p style=\"text-align: justify;\"><strong><u>UN PROYECTO QUE AVANZA<\/u><\/strong><\/p>\n<p style=\"text-align: justify;\">En tanto, el Delegado Presidencial Fica, relat\u00f3 que \u201ctuvimos el gran placer y oportunidad de exponer como Gobierno ante las autoridades argentinas uno de nuestros grandes proyectos, el Complejo Fronterizo Pichach\u00e9n, que comienza a construirse este a\u00f1o y es uno de los grandes sue\u00f1os de Biob\u00edo que poco a poco se va concretando\u201d.<\/p>\n<p style=\"text-align: justify;\">Y detall\u00f3 que: \u201cson m\u00e1s de 9 mil 400 millones de pesos y m\u00e1s de 3 mil m2 de obra, lo que no s\u00f3lo mejorar\u00e1 las condiciones actuales sino que entregar\u00e1 un servicio \u00f3ptimo a los visitantes\u201d. \u201cQueremos potenciar la econom\u00eda y el turismo, una de nuestras herramientas m\u00e1s importantes\u201d, recalc\u00f3.<\/p>\n<p style=\"text-align: justify;\"><strong><u>RUTA PARA EL DESARROLLO BINACIONAL<\/u><\/strong><\/p>\n<p style=\"text-align: justify;\">Finalmente, el Delegado chileno indic\u00f3 que \u201cles contamos del proyecto de dise\u00f1o de la nueva ruta de 56 kil\u00f3metros que deber\u00e1 concluirse a mediados del 2022 y que conectar\u00e1 el sector de Abanico con el hito de Chile-Argentina. Y desde all\u00ed, comenzar las inversiones necesarias para potenciar definitivamente el sector cordillerano, la provincia de Biob\u00edo y la provincia de Neuqu\u00e9n.<\/p>\n","protected":false},"excerpt":{"rendered":"<p>Biob\u00edo, julio 2021: El Delegado Presidencial Ignacio Fica present\u00f3 las inversiones del Gobierno chileno en el complejo fronterizo de Biob\u00edo ante representantes trasandinos, quienes comprometieron conseguir recursos de pavimentaci\u00f3n para mejorar el camino tambi\u00e9n&#46;&#46;&#46;<\/p>\n","protected":false},"author":2,"featured_media":24866,"comment_status":"closed","ping_status":"open","sticky":false,"template":"","format":"standard","meta":{"footnotes":""},"categories":[1],"tags":[1109,1115,2502,8,6,117],"class_list":["post-24865","post","type-post","status-publish","format-standard","has-post-thumbnail","hentry","category-noticias","tag-antuco","tag-noticias","tag-paso-pichachen","tag-yungay","tag-yungayino","tag-yungayinocl"],"_links":{"self":[{"href":"https:\/\/www.yungayino.cl\/noticias\/index.php?rest_route=\/wp\/v2\/posts\/24865","targetHints":{"allow":["GET"]}}],"collection":[{"href":"https:\/\/www.yungayino.cl\/noticias\/index.php?rest_route=\/wp\/v2\/posts"}],"about":[{"href":"https:\/\/www.yungayino.cl\/noticias\/index.php?rest_route=\/wp\/v2\/types\/post"}],"author":[{"embeddable":true,"href":"https:\/\/www.yungayino.cl\/noticias\/index.php?rest_route=\/wp\/v2\/users\/2"}],"replies":[{"embeddable":true,"href":"https:\/\/www.yungayino.cl\/noticias\/index.php?rest_route=%2Fwp%2Fv2%2Fcomments&post=24865"}],"version-history":[{"count":3,"href":"https:\/\/www.yungayino.cl\/noticias\/index.php?rest_route=\/wp\/v2\/posts\/24865\/revisions"}],"predecessor-version":[{"id":24869,"href":"https:\/\/www.yungayino.cl\/noticias\/index.php?rest_route=\/wp\/v2\/posts\/24865\/revisions\/24869"}],"wp:featuredmedia":[{"embeddable":true,"href":"https:\/\/www.yungayino.cl\/noticias\/index.php?rest_route=\/wp\/v2\/media\/24866"}],"wp:attachment":[{"href":"https:\/\/www.yungayino.cl\/noticias\/index.php?rest_route=%2Fwp%2Fv2%2Fmedia&parent=24865"}],"wp:term":[{"taxonomy":"category","embeddable":true,"href":"https:\/\/www.yungayino.cl\/noticias\/index.php?rest_route=%2Fwp%2Fv2%2Fcategories&post=24865"},{"taxonomy":"post_tag","embeddable":true,"href":"https:\/\/www.yungayino.cl\/noticias\/index.php?rest_route=%2Fwp%2Fv2%2Ftags&post=24865"}],"curies":[{"name":"wp","href":"https:\/\/api.w.org\/{rel}","templated":true}]}}