{"id":24876,"date":"2021-07-31T07:00:57","date_gmt":"2021-07-31T10:00:57","guid":{"rendered":"http:\/\/www.yungayino.cl\/noticias\/?p=24876"},"modified":"2021-07-30T17:51:46","modified_gmt":"2021-07-30T20:51:46","slug":"nuevas-instancias-de-participacion-ciudadana","status":"publish","type":"post","link":"https:\/\/www.yungayino.cl\/noticias\/?p=24876","title":{"rendered":"Nuevas Instancias de Participaci\u00f3n Ciudadana"},"content":{"rendered":"<p><img loading=\"lazy\" decoding=\"async\" class=\"alignnone size-full wp-image-24877\" src=\"http:\/\/www.yungayino.cl\/noticias\/wp-content\/uploads\/2021\/07\/27-julio-pcr-2.jpg\" alt=\"\" width=\"700\" height=\"351\" srcset=\"https:\/\/www.yungayino.cl\/noticias\/wp-content\/uploads\/2021\/07\/27-julio-pcr-2.jpg 700w, https:\/\/www.yungayino.cl\/noticias\/wp-content\/uploads\/2021\/07\/27-julio-pcr-2-300x150.jpg 300w, https:\/\/www.yungayino.cl\/noticias\/wp-content\/uploads\/2021\/07\/27-julio-pcr-2-299x150.jpg 299w\" sizes=\"auto, (max-width: 700px) 100vw, 700px\" \/><\/p>\n<p style=\"text-align: justify;\">Yungay, julio 2021: El martes 03, mi\u00e9rcoles 04 y jueves 05 de agosto, a partir de las 19:00 horas se realizar\u00e1n las nuevas jornadas de participaci\u00f3n ciudadana con motivo de la segunda etapa de la actualizaci\u00f3n del Plan Regulador de nuestra comuna.<\/p>\n<p style=\"text-align: justify;\">La reuni\u00f3n ser\u00e1 a trav\u00e9s de la plataforma zoom, con libre acceso a la comunidad. Para participar, debes inscribirte en el sitio web <a href=\"https:\/\/prcyungay.cl\/\"><strong>www.prcyungay.cl<\/strong><\/a><\/p>\n<p style=\"text-align: justify;\">El equipo consultor del proyecto estar\u00e1 respondiendo las dudas de la comunidad respecto al proceso.<\/p>\n<p>&nbsp;<\/p>\n<p><img loading=\"lazy\" decoding=\"async\" class=\"alignnone size-full wp-image-24878\" src=\"http:\/\/www.yungayino.cl\/noticias\/wp-content\/uploads\/2021\/07\/27-julio-pcr-1.jpg\" alt=\"\" width=\"720\" height=\"720\" srcset=\"https:\/\/www.yungayino.cl\/noticias\/wp-content\/uploads\/2021\/07\/27-julio-pcr-1.jpg 720w, https:\/\/www.yungayino.cl\/noticias\/wp-content\/uploads\/2021\/07\/27-julio-pcr-1-300x300.jpg 300w, https:\/\/www.yungayino.cl\/noticias\/wp-content\/uploads\/2021\/07\/27-julio-pcr-1-150x150.jpg 150w, https:\/\/www.yungayino.cl\/noticias\/wp-content\/uploads\/2021\/07\/27-julio-pcr-1-80x80.jpg 80w, https:\/\/www.yungayino.cl\/noticias\/wp-content\/uploads\/2021\/07\/27-julio-pcr-1-320x320.jpg 320w\" sizes=\"auto, (max-width: 720px) 100vw, 720px\" \/><\/p>\n<p>&nbsp;<\/p>\n<p>&nbsp;<\/p>\n<p><img loading=\"lazy\" decoding=\"async\" class=\"alignnone size-full wp-image-24879\" src=\"http:\/\/www.yungayino.cl\/noticias\/wp-content\/uploads\/2021\/07\/27-julio-pcr-2-1.jpg\" alt=\"\" width=\"720\" height=\"720\" srcset=\"https:\/\/www.yungayino.cl\/noticias\/wp-content\/uploads\/2021\/07\/27-julio-pcr-2-1.jpg 720w, https:\/\/www.yungayino.cl\/noticias\/wp-content\/uploads\/2021\/07\/27-julio-pcr-2-1-300x300.jpg 300w, https:\/\/www.yungayino.cl\/noticias\/wp-content\/uploads\/2021\/07\/27-julio-pcr-2-1-150x150.jpg 150w, https:\/\/www.yungayino.cl\/noticias\/wp-content\/uploads\/2021\/07\/27-julio-pcr-2-1-80x80.jpg 80w, https:\/\/www.yungayino.cl\/noticias\/wp-content\/uploads\/2021\/07\/27-julio-pcr-2-1-320x320.jpg 320w\" sizes=\"auto, (max-width: 720px) 100vw, 720px\" \/><\/p>\n<p>&nbsp;<\/p>\n<p>&nbsp;<\/p>\n<p><img loading=\"lazy\" decoding=\"async\" class=\"alignnone size-full wp-image-24880\" src=\"http:\/\/www.yungayino.cl\/noticias\/wp-content\/uploads\/2021\/07\/27-julio-pcr-3.jpg\" alt=\"\" width=\"720\" height=\"720\" srcset=\"https:\/\/www.yungayino.cl\/noticias\/wp-content\/uploads\/2021\/07\/27-julio-pcr-3.jpg 720w, https:\/\/www.yungayino.cl\/noticias\/wp-content\/uploads\/2021\/07\/27-julio-pcr-3-300x300.jpg 300w, https:\/\/www.yungayino.cl\/noticias\/wp-content\/uploads\/2021\/07\/27-julio-pcr-3-150x150.jpg 150w, https:\/\/www.yungayino.cl\/noticias\/wp-content\/uploads\/2021\/07\/27-julio-pcr-3-80x80.jpg 80w, https:\/\/www.yungayino.cl\/noticias\/wp-content\/uploads\/2021\/07\/27-julio-pcr-3-320x320.jpg 320w\" sizes=\"auto, (max-width: 720px) 100vw, 720px\" \/><\/p>\n<p>&nbsp;<\/p>\n","protected":false},"excerpt":{"rendered":"<p>Yungay, julio 2021: El martes 03, mi\u00e9rcoles 04 y jueves 05 de agosto, a partir de las 19:00 horas se realizar\u00e1n las nuevas jornadas de participaci\u00f3n ciudadana con motivo de la segunda etapa de&#46;&#46;&#46;<\/p>\n","protected":false},"author":2,"featured_media":24877,"comment_status":"closed","ping_status":"open","sticky":false,"template":"","format":"standard","meta":{"footnotes":""},"categories":[1],"tags":[1115,2475,8,6,117],"class_list":["post-24876","post","type-post","status-publish","format-standard","has-post-thumbnail","hentry","category-noticias","tag-noticias","tag-plan-regulador-comunal","tag-yungay","tag-yungayino","tag-yungayinocl"],"_links":{"self":[{"href":"https:\/\/www.yungayino.cl\/noticias\/index.php?rest_route=\/wp\/v2\/posts\/24876","targetHints":{"allow":["GET"]}}],"collection":[{"href":"https:\/\/www.yungayino.cl\/noticias\/index.php?rest_route=\/wp\/v2\/posts"}],"about":[{"href":"https:\/\/www.yungayino.cl\/noticias\/index.php?rest_route=\/wp\/v2\/types\/post"}],"author":[{"embeddable":true,"href":"https:\/\/www.yungayino.cl\/noticias\/index.php?rest_route=\/wp\/v2\/users\/2"}],"replies":[{"embeddable":true,"href":"https:\/\/www.yungayino.cl\/noticias\/index.php?rest_route=%2Fwp%2Fv2%2Fcomments&post=24876"}],"version-history":[{"count":2,"href":"https:\/\/www.yungayino.cl\/noticias\/index.php?rest_route=\/wp\/v2\/posts\/24876\/revisions"}],"predecessor-version":[{"id":24882,"href":"https:\/\/www.yungayino.cl\/noticias\/index.php?rest_route=\/wp\/v2\/posts\/24876\/revisions\/24882"}],"wp:featuredmedia":[{"embeddable":true,"href":"https:\/\/www.yungayino.cl\/noticias\/index.php?rest_route=\/wp\/v2\/media\/24877"}],"wp:attachment":[{"href":"https:\/\/www.yungayino.cl\/noticias\/index.php?rest_route=%2Fwp%2Fv2%2Fmedia&parent=24876"}],"wp:term":[{"taxonomy":"category","embeddable":true,"href":"https:\/\/www.yungayino.cl\/noticias\/index.php?rest_route=%2Fwp%2Fv2%2Fcategories&post=24876"},{"taxonomy":"post_tag","embeddable":true,"href":"https:\/\/www.yungayino.cl\/noticias\/index.php?rest_route=%2Fwp%2Fv2%2Ftags&post=24876"}],"curies":[{"name":"wp","href":"https:\/\/api.w.org\/{rel}","templated":true}]}}