{"id":24884,"date":"2021-08-03T07:00:42","date_gmt":"2021-08-03T10:00:42","guid":{"rendered":"http:\/\/www.yungayino.cl\/noticias\/?p=24884"},"modified":"2021-08-02T16:39:20","modified_gmt":"2021-08-02T19:39:20","slug":"diccionarios-de-lenguas-originarias-fueron-entregados-a-asociaciones-indigenas-de-nuble","status":"publish","type":"post","link":"https:\/\/www.yungayino.cl\/noticias\/?p=24884","title":{"rendered":"Diccionarios de Lenguas Originarias Fueron Entregados a Asociaciones Ind\u00edgenas de \u00d1uble"},"content":{"rendered":"<p><img loading=\"lazy\" decoding=\"async\" class=\"alignnone size-full wp-image-24885\" src=\"http:\/\/www.yungayino.cl\/noticias\/wp-content\/uploads\/2021\/08\/diccionario.jpg\" alt=\"\" width=\"700\" height=\"351\" srcset=\"https:\/\/www.yungayino.cl\/noticias\/wp-content\/uploads\/2021\/08\/diccionario.jpg 700w, https:\/\/www.yungayino.cl\/noticias\/wp-content\/uploads\/2021\/08\/diccionario-300x150.jpg 300w, https:\/\/www.yungayino.cl\/noticias\/wp-content\/uploads\/2021\/08\/diccionario-299x150.jpg 299w\" sizes=\"auto, (max-width: 700px) 100vw, 700px\" \/><\/p>\n<p style=\"text-align: justify;\">\u00d1uble, julio 2021: Con la presencia de autoridades encabezadas por el Delegado Presidencial Crist\u00f3bal Jard\u00faa, la Senadora Jacqueline Van Rysselberghe, el Diputado Gustavo Sanhueza y la Seremi de Desarrollo Social y Familia de \u00d1uble, Doris Osses, se realiz\u00f3 en dependencias de la Delegaci\u00f3n Presidencial Regional de \u00d1uble, la entrega del material bibliogr\u00e1fico de bolsillo que re\u00fane aspectos de la cosmovisi\u00f3n, lengua y tradiciones de los pueblos mapudung\u00fan, aymara, quechua y rapa nui.<\/p>\n<p style=\"text-align: justify;\">La riqueza de las lenguas ancestrales es la que rescata el Diccionario de Lenguas Ind\u00edgenas Chilenas desarrollado por el Ministerio de Desarrollo Social y Familia, a trav\u00e9s de la Coordinaci\u00f3n de Asuntos Ind\u00edgenas (UCAI), material que busca revitalizar y poner en valor la simbolog\u00eda propia de cada uno de los pueblos originarios.<\/p>\n<p style=\"text-align: justify;\">Este trabajo bibliogr\u00e1fico &#8211; una original edici\u00f3n de bolsillo &#8211; contempla una primera parte con antecedentes sobre la cultura y cosmovisi\u00f3n de estos pueblos, adem\u00e1s de datos para comprender sus aspectos ling\u00fc\u00edsticos, dando paso a palabras de uso cotidiano, con su respectiva traducci\u00f3n, las que se dividen por unidades para facilitar el aprendizaje.<\/p>\n<p style=\"text-align: justify;\">Sobre la entrega de este material, el Delegado Presidencial Regional, Crist\u00f3bal Jardua, se\u00f1al\u00f3 que \u201cHemos tenido una actividad tremendamente significativa para nuestras comunidades ind\u00edgenas de \u00d1uble, con la entrega de estos diccionarios elaborados en lengua Aymara, Quechua, Mapuche y Rapa Nui, una herramienta muy relevante para promover las lenguas de los pueblos ind\u00edgenas de Chile, ya que como Gobierno estamos poniendo especial \u00e9nfasis en fortalecer y concientizar a la poblaci\u00f3n respecto a su revitalizaci\u00f3n. Quiero felicitar el trabajo de Mideso y especialmente, de los dirigentes de las 21 asociaciones y 2 comunidades ind\u00edgenas de \u00d1uble, a quienes le reitero que, las puertas de la Delegaci\u00f3n siempre estar\u00e1n abiertas para acogerlos, y trabajar mancomunadamente\u201d.<\/p>\n<p style=\"text-align: justify;\">En tanto, la Seremi de Desarrollo Social y Familia, Doris Osses, resalt\u00f3 que \u201cExiste un creciente inter\u00e9s por la revitalizaci\u00f3n cultural, y desde el Gobierno queremos continuar avanzando hacia pol\u00edticas de desarrollo inclusivo y respetuoso no s\u00f3lo del lenguaje, sino tambi\u00e9n de sus culturas y de un conjunto de acciones que busquen difundir, fomentar y perpetuar las diferentes lenguas presentes en Chile. Creemos en la riqueza de los pueblos, que a trav\u00e9s de su lengua atesoran sus historias, los saberes y su propia cosmovisi\u00f3n\u201d.<\/p>\n<p style=\"text-align: justify;\">\u201cActualmente, existe un alto porcentaje de poblaci\u00f3n ind\u00edgena que no es hablante,\u00a0seg\u00fan la Encuesta CASEN 2017, las personas ind\u00edgenas que hablan y entienden su lengua en Chile, han disminuido de un 12 a un 9,9%, por lo que la revitalizaci\u00f3n de su cultura debe ser abordada desde los diversos \u00e1mbitos\u201d, indic\u00f3 tambi\u00e9n, la autoridad regional.<\/p>\n<p style=\"text-align: justify;\">La primera edici\u00f3n del diccionario cont\u00f3 con cinco mil ejemplares que se distribuyeron en todas las regiones del pa\u00eds, estando tambi\u00e9n disponible en forma digital a trav\u00e9s de la p\u00e1gina <a href=\"https:\/\/asuntosindigenas.ministeriodesarrollosocial.gob.cl\/\"><strong>https:\/\/asuntosindigenas.ministeriodesarrollosocial.gob.cl\/<\/strong><\/a>.<\/p>\n","protected":false},"excerpt":{"rendered":"<p>\u00d1uble, julio 2021: Con la presencia de autoridades encabezadas por el Delegado Presidencial Crist\u00f3bal Jard\u00faa, la Senadora Jacqueline Van Rysselberghe, el Diputado Gustavo Sanhueza y la Seremi de Desarrollo Social y Familia de \u00d1uble,&#46;&#46;&#46;<\/p>\n","protected":false},"author":2,"featured_media":24885,"comment_status":"closed","ping_status":"open","sticky":false,"template":"","format":"standard","meta":{"footnotes":""},"categories":[1493,1],"tags":[2503,2504,7,1678,8,6,117],"class_list":["post-24884","post","type-post","status-publish","format-standard","has-post-thumbnail","hentry","category-educacion","category-noticias","tag-diccionario","tag-lenguas-originarias","tag-noticia","tag-nuble","tag-yungay","tag-yungayino","tag-yungayinocl"],"_links":{"self":[{"href":"https:\/\/www.yungayino.cl\/noticias\/index.php?rest_route=\/wp\/v2\/posts\/24884","targetHints":{"allow":["GET"]}}],"collection":[{"href":"https:\/\/www.yungayino.cl\/noticias\/index.php?rest_route=\/wp\/v2\/posts"}],"about":[{"href":"https:\/\/www.yungayino.cl\/noticias\/index.php?rest_route=\/wp\/v2\/types\/post"}],"author":[{"embeddable":true,"href":"https:\/\/www.yungayino.cl\/noticias\/index.php?rest_route=\/wp\/v2\/users\/2"}],"replies":[{"embeddable":true,"href":"https:\/\/www.yungayino.cl\/noticias\/index.php?rest_route=%2Fwp%2Fv2%2Fcomments&post=24884"}],"version-history":[{"count":2,"href":"https:\/\/www.yungayino.cl\/noticias\/index.php?rest_route=\/wp\/v2\/posts\/24884\/revisions"}],"predecessor-version":[{"id":24887,"href":"https:\/\/www.yungayino.cl\/noticias\/index.php?rest_route=\/wp\/v2\/posts\/24884\/revisions\/24887"}],"wp:featuredmedia":[{"embeddable":true,"href":"https:\/\/www.yungayino.cl\/noticias\/index.php?rest_route=\/wp\/v2\/media\/24885"}],"wp:attachment":[{"href":"https:\/\/www.yungayino.cl\/noticias\/index.php?rest_route=%2Fwp%2Fv2%2Fmedia&parent=24884"}],"wp:term":[{"taxonomy":"category","embeddable":true,"href":"https:\/\/www.yungayino.cl\/noticias\/index.php?rest_route=%2Fwp%2Fv2%2Fcategories&post=24884"},{"taxonomy":"post_tag","embeddable":true,"href":"https:\/\/www.yungayino.cl\/noticias\/index.php?rest_route=%2Fwp%2Fv2%2Ftags&post=24884"}],"curies":[{"name":"wp","href":"https:\/\/api.w.org\/{rel}","templated":true}]}}