{"id":24888,"date":"2021-08-04T07:00:28","date_gmt":"2021-08-04T10:00:28","guid":{"rendered":"http:\/\/www.yungayino.cl\/noticias\/?p=24888"},"modified":"2021-08-02T16:40:57","modified_gmt":"2021-08-02T19:40:57","slug":"mujeres-de-diguillin-fortalecen-su-empoderamiento-a-traves-de-la-escritura-creativa","status":"publish","type":"post","link":"https:\/\/www.yungayino.cl\/noticias\/?p=24888","title":{"rendered":"Mujeres de Diguill\u00edn Fortalecen su Empoderamiento a Trav\u00e9s de la Escritura Creativa"},"content":{"rendered":"<p><img loading=\"lazy\" decoding=\"async\" class=\"alignnone size-full wp-image-24889\" src=\"http:\/\/www.yungayino.cl\/noticias\/wp-content\/uploads\/2021\/08\/prodemu.jpg\" alt=\"\" width=\"700\" height=\"350\" srcset=\"https:\/\/www.yungayino.cl\/noticias\/wp-content\/uploads\/2021\/08\/prodemu.jpg 700w, https:\/\/www.yungayino.cl\/noticias\/wp-content\/uploads\/2021\/08\/prodemu-300x150.jpg 300w\" sizes=\"auto, (max-width: 700px) 100vw, 700px\" \/><\/p>\n<p style=\"text-align: justify;\">Diguill\u00edn, julio 2021: El taller literario sobre Relatos de Empoderamiento que dicta PRODEMU en la provincia de Diguill\u00edn re\u00fane a 15 mujeres, quienes en torno a la escritura comprender\u00e1n este arte como un medio de expresi\u00f3n para la liberaci\u00f3n emocional, asimilar\u00e1n que son personas con capacidad creativa y reflexiva y fortalecer\u00e1n su empoderamiento mediante la escritura de un relato personal.<\/p>\n<p style=\"text-align: justify;\">La directora regional de PRODEMU, Mar\u00eda Cecilia Varas Benavente, se\u00f1al\u00f3 que \u201ceste taller invita a que las participantes puedan reflexionar, escribir y conectarse con su creatividad para poder potenciar su proceso de empoderamiento. La primera parte del taller permite que las mujeres se hagan conscientes y reflexionen sobre algunos conceptos relacionados al g\u00e9nero, para luego poder ver c\u00f3mo eso se ve reflejado en relatos de autoras y de otras participantes\u201d.<\/p>\n<p style=\"text-align: justify;\">En las sesiones formativas finales, PRODEMU, entidad perteneciente a la Red de Fundaciones de la Presidencia de la Rep\u00fablica y liderada por la primera dama Cecilia Morel, abordar\u00e1 la importancia de la expresi\u00f3n art\u00edstica para las mujeres, la autobiograf\u00eda y el relato de vida y, por \u00faltimo, la t\u00e9cnica narrativa de la corriente de la conciencia.<\/p>\n<p style=\"text-align: justify;\">Juana Campos Sep\u00falveda (66), de la comuna de San Ignacio, indic\u00f3 que su principal motivaci\u00f3n para ingresar al taller es que \u201cPRODEMU abarca temas sociales, culturales, familiares y de la mujer y como toda mi vida yo sufr\u00ed de violencia intrafamiliar y estuve con depresi\u00f3n muchos a\u00f1os, ahora que logr\u00e9 salir de esta enfermedad tengo la intenci\u00f3n de vivir nuevas experiencias y, a trav\u00e9s de la escritura, quiero narrar todo lo que viv\u00ed\u201d.<\/p>\n<p style=\"text-align: justify;\">El \u00fanico requisito para participar en el Taller de Cultura es el deseo de aprender, ya que \u201cla invitaci\u00f3n es a crear a partir de la escritura espont\u00e1nea porque no necesitamos ser expertas para expresarnos ni para plasmar a trav\u00e9s de la escritura c\u00f3mo nos sentimos o lo que queremos decir\u201d, enfatiz\u00f3 Mar\u00eda Cecilia Varas.<\/p>\n<p style=\"text-align: justify;\">Si desean ser parte de la oferta program\u00e1tica de PRODEMU deben ingresar al link <strong><a href=\"http:\/\/autoregistro.prodemu.cl\/\">http:\/\/autoregistro.prodemu.cl\/<\/a><\/strong> y completar el formulario.<\/p>\n","protected":false},"excerpt":{"rendered":"<p>Diguill\u00edn, julio 2021: El taller literario sobre Relatos de Empoderamiento que dicta PRODEMU en la provincia de Diguill\u00edn re\u00fane a 15 mujeres, quienes en torno a la escritura comprender\u00e1n este arte como un medio&#46;&#46;&#46;<\/p>\n","protected":false},"author":2,"featured_media":24889,"comment_status":"closed","ping_status":"open","sticky":false,"template":"","format":"standard","meta":{"footnotes":""},"categories":[1],"tags":[1763,1115,500,8,6,117],"class_list":["post-24888","post","type-post","status-publish","format-standard","has-post-thumbnail","hentry","category-noticias","tag-diguillin","tag-noticias","tag-prodemu","tag-yungay","tag-yungayino","tag-yungayinocl"],"_links":{"self":[{"href":"https:\/\/www.yungayino.cl\/noticias\/index.php?rest_route=\/wp\/v2\/posts\/24888","targetHints":{"allow":["GET"]}}],"collection":[{"href":"https:\/\/www.yungayino.cl\/noticias\/index.php?rest_route=\/wp\/v2\/posts"}],"about":[{"href":"https:\/\/www.yungayino.cl\/noticias\/index.php?rest_route=\/wp\/v2\/types\/post"}],"author":[{"embeddable":true,"href":"https:\/\/www.yungayino.cl\/noticias\/index.php?rest_route=\/wp\/v2\/users\/2"}],"replies":[{"embeddable":true,"href":"https:\/\/www.yungayino.cl\/noticias\/index.php?rest_route=%2Fwp%2Fv2%2Fcomments&post=24888"}],"version-history":[{"count":1,"href":"https:\/\/www.yungayino.cl\/noticias\/index.php?rest_route=\/wp\/v2\/posts\/24888\/revisions"}],"predecessor-version":[{"id":24890,"href":"https:\/\/www.yungayino.cl\/noticias\/index.php?rest_route=\/wp\/v2\/posts\/24888\/revisions\/24890"}],"wp:featuredmedia":[{"embeddable":true,"href":"https:\/\/www.yungayino.cl\/noticias\/index.php?rest_route=\/wp\/v2\/media\/24889"}],"wp:attachment":[{"href":"https:\/\/www.yungayino.cl\/noticias\/index.php?rest_route=%2Fwp%2Fv2%2Fmedia&parent=24888"}],"wp:term":[{"taxonomy":"category","embeddable":true,"href":"https:\/\/www.yungayino.cl\/noticias\/index.php?rest_route=%2Fwp%2Fv2%2Fcategories&post=24888"},{"taxonomy":"post_tag","embeddable":true,"href":"https:\/\/www.yungayino.cl\/noticias\/index.php?rest_route=%2Fwp%2Fv2%2Ftags&post=24888"}],"curies":[{"name":"wp","href":"https:\/\/api.w.org\/{rel}","templated":true}]}}