{"id":24891,"date":"2021-08-04T18:00:34","date_gmt":"2021-08-04T21:00:34","guid":{"rendered":"http:\/\/www.yungayino.cl\/noticias\/?p=24891"},"modified":"2021-08-04T20:41:05","modified_gmt":"2021-08-04T23:41:05","slug":"funeraria-yungay-abre-sucursal-en-pueblo-seco-comuna-de-san-ignacio","status":"publish","type":"post","link":"https:\/\/www.yungayino.cl\/noticias\/?p=24891","title":{"rendered":"Funeraria Yungay Abre Sucursal en Pueblo Seco, Comuna de San Ignacio"},"content":{"rendered":"<p><img loading=\"lazy\" decoding=\"async\" class=\"alignnone size-full wp-image-24892\" src=\"http:\/\/www.yungayino.cl\/noticias\/wp-content\/uploads\/2021\/08\/funeraria-yungay-pueblo-seco.jpg\" alt=\"\" width=\"700\" height=\"351\" srcset=\"https:\/\/www.yungayino.cl\/noticias\/wp-content\/uploads\/2021\/08\/funeraria-yungay-pueblo-seco.jpg 700w, https:\/\/www.yungayino.cl\/noticias\/wp-content\/uploads\/2021\/08\/funeraria-yungay-pueblo-seco-300x150.jpg 300w, https:\/\/www.yungayino.cl\/noticias\/wp-content\/uploads\/2021\/08\/funeraria-yungay-pueblo-seco-299x150.jpg 299w\" sizes=\"auto, (max-width: 700px) 100vw, 700px\" \/><\/p>\n<p style=\"text-align: justify;\">Agosto 2021: Funeraria Yungay lleg\u00f3 a nuestra comuna hace dos a\u00f1os entregando un servicio integral de primer nivel, nada que envidiar a las grandes ciudades, con precios justos, con un alto sentido \u00e9tico de eficiencia en el servicio, es la consigna de su Fundador Sr. Segundo Ben\u00edtez, hombre oriundo del sector de Los Mayos que con labranza forjo su destino, para hoy entregar a su querido Yungay, un servicio funerario que fuera muy humano y por sobre todas las cosas con calidez y sentido de honor.<\/p>\n<p style=\"text-align: justify;\">Para esta empresa no fue f\u00e1cil llegar a Yungay, ya que siempre hay detractores y personas reticentes a los cambios, pero demostraron que los \u00fanicos beneficiados fueron la comunidad y sus familias, ya que lograron elevar el servicio dando a conocer una propuesta que era diferente a las ya instauradas en la comunidad, evolucionando de manera respetuosa la memoria de sus seres queridos.<\/p>\n<p style=\"text-align: justify;\">Como muchos deben saber, la defunci\u00f3n de un ser querido es lo m\u00e1s dif\u00edcil que nos puede tocar y muchas veces no sabemos c\u00f3mo afrontarlo, la verdad es que nunca estaremos preparados para ese momento, es por eso que Funeraria Yungay siempre se ha caracterizado por ser una entidad que entregue todo su apoyo con un staff de profesionales para solucionar inquietudes, orient\u00e1ndolos en los diversos\u00a0 tr\u00e1mites administrativos que hay que realizar y que en esos momentos de dolor no est\u00e1n en condiciones emocionales de hacerlos.<\/p>\n<p style=\"text-align: justify;\">Entregan un servicio integral, al alcance de todos, con un staff de profesionales, entre los que se destacan Abogados, Psic\u00f3logas y Coach Ontol\u00f3gicos, para que el ma\u00f1ana sea m\u00e1s humano y digno al despedir a sus seres queridos, con contenci\u00f3n y ayuda a quien est\u00e1 de duelo.<\/p>\n<p style=\"text-align: justify;\">Hoy con orgullo dan a conocer a la Comunidad una nueva sucursal ubicada en Avenida las Violetas 612-B (frente a Bomberos) Sector de Pueblo Seco en la Comuna de San Ignacio.<\/p>\n<p style=\"text-align: justify;\">Familiares, Amigos y Vecinos de las Comunas de El Carmen, Pemuco, Pueblo Seco, Quiriquina, Bulnes, Chill\u00e1n y alrededores, tendr\u00e1n la oportunidad de despedir a su ser querido con sentido y Funeraria Yungay los estar\u00e1 apoyando en esos momentos donde las palabras sobran pero la contenci\u00f3n es todo.<\/p>\n","protected":false},"excerpt":{"rendered":"<p>Agosto 2021: Funeraria Yungay lleg\u00f3 a nuestra comuna hace dos a\u00f1os entregando un servicio integral de primer nivel, nada que envidiar a las grandes ciudades, con precios justos, con un alto sentido \u00e9tico de&#46;&#46;&#46;<\/p>\n","protected":false},"author":2,"featured_media":24892,"comment_status":"closed","ping_status":"open","sticky":false,"template":"","format":"standard","meta":{"footnotes":""},"categories":[1,32],"tags":[1985,1115,2505,8,6,117],"class_list":["post-24891","post","type-post","status-publish","format-standard","has-post-thumbnail","hentry","category-noticias","category-servicios","tag-funeraria-yungay","tag-noticias","tag-pueblo-seco","tag-yungay","tag-yungayino","tag-yungayinocl"],"_links":{"self":[{"href":"https:\/\/www.yungayino.cl\/noticias\/index.php?rest_route=\/wp\/v2\/posts\/24891","targetHints":{"allow":["GET"]}}],"collection":[{"href":"https:\/\/www.yungayino.cl\/noticias\/index.php?rest_route=\/wp\/v2\/posts"}],"about":[{"href":"https:\/\/www.yungayino.cl\/noticias\/index.php?rest_route=\/wp\/v2\/types\/post"}],"author":[{"embeddable":true,"href":"https:\/\/www.yungayino.cl\/noticias\/index.php?rest_route=\/wp\/v2\/users\/2"}],"replies":[{"embeddable":true,"href":"https:\/\/www.yungayino.cl\/noticias\/index.php?rest_route=%2Fwp%2Fv2%2Fcomments&post=24891"}],"version-history":[{"count":1,"href":"https:\/\/www.yungayino.cl\/noticias\/index.php?rest_route=\/wp\/v2\/posts\/24891\/revisions"}],"predecessor-version":[{"id":24893,"href":"https:\/\/www.yungayino.cl\/noticias\/index.php?rest_route=\/wp\/v2\/posts\/24891\/revisions\/24893"}],"wp:featuredmedia":[{"embeddable":true,"href":"https:\/\/www.yungayino.cl\/noticias\/index.php?rest_route=\/wp\/v2\/media\/24892"}],"wp:attachment":[{"href":"https:\/\/www.yungayino.cl\/noticias\/index.php?rest_route=%2Fwp%2Fv2%2Fmedia&parent=24891"}],"wp:term":[{"taxonomy":"category","embeddable":true,"href":"https:\/\/www.yungayino.cl\/noticias\/index.php?rest_route=%2Fwp%2Fv2%2Fcategories&post=24891"},{"taxonomy":"post_tag","embeddable":true,"href":"https:\/\/www.yungayino.cl\/noticias\/index.php?rest_route=%2Fwp%2Fv2%2Ftags&post=24891"}],"curies":[{"name":"wp","href":"https:\/\/api.w.org\/{rel}","templated":true}]}}