{"id":24905,"date":"2021-08-07T07:00:36","date_gmt":"2021-08-07T10:00:36","guid":{"rendered":"http:\/\/www.yungayino.cl\/noticias\/?p=24905"},"modified":"2021-08-10T12:16:53","modified_gmt":"2021-08-10T15:16:53","slug":"de-clavel-en-la-orejaalla-va-lucho-castillo-estrenara-disco-folclorico-como-solista","status":"publish","type":"post","link":"https:\/\/www.yungayino.cl\/noticias\/?p=24905","title":{"rendered":"\u201cDe Clavel en la Oreja\u2026All\u00e1 va\u201d: Lucho Castillo Estrenar\u00e1 Disco Folcl\u00f3rico Como Solista"},"content":{"rendered":"<p><img loading=\"lazy\" decoding=\"async\" class=\"alignnone size-full wp-image-24906\" src=\"http:\/\/www.yungayino.cl\/noticias\/wp-content\/uploads\/2021\/08\/LuchoCastillo_DeClavelEnLaOreja_allava.jpg\" alt=\"\" width=\"700\" height=\"700\" srcset=\"https:\/\/www.yungayino.cl\/noticias\/wp-content\/uploads\/2021\/08\/LuchoCastillo_DeClavelEnLaOreja_allava.jpg 700w, https:\/\/www.yungayino.cl\/noticias\/wp-content\/uploads\/2021\/08\/LuchoCastillo_DeClavelEnLaOreja_allava-300x300.jpg 300w, https:\/\/www.yungayino.cl\/noticias\/wp-content\/uploads\/2021\/08\/LuchoCastillo_DeClavelEnLaOreja_allava-150x150.jpg 150w, https:\/\/www.yungayino.cl\/noticias\/wp-content\/uploads\/2021\/08\/LuchoCastillo_DeClavelEnLaOreja_allava-80x80.jpg 80w, https:\/\/www.yungayino.cl\/noticias\/wp-content\/uploads\/2021\/08\/LuchoCastillo_DeClavelEnLaOreja_allava-320x320.jpg 320w\" sizes=\"auto, (max-width: 700px) 100vw, 700px\" \/><\/p>\n<p style=\"text-align: justify;\">Agosto 2021: El m\u00fasico yungayino, reconocido en el ambiente cuequero como fundador de los grupos Los Tricolores y Los Piolas del Lote, entre otros, salda su deuda musical y publica su primer \u00e1lbum folcl\u00f3rico en solitario.<\/p>\n<p style=\"text-align: justify;\">A partir del viernes 13 de agosto estar\u00e1 disponible en todas las plataformas streaming de m\u00fasica <strong>\u201cDe clavel en la oreja\u2026 All\u00e1 va\u201d<\/strong>, \u00e1lbum que compila doce canciones originales de diferentes estilos, entre cuecas, tonadas, valses, y m\u00e1s, todas escritas y compuestas por el m\u00fasico yungayino.<\/p>\n<p style=\"text-align: justify;\">Conceptualmente, el fonograma presenta composiciones tradicionales refrescadas, con letras que hablan de diversas situaciones comunes, tales como el amor rom\u00e1ntico, el amor a nuestras ra\u00edces, el orgullo de ser cantor y la astucia del roto pillo.<\/p>\n<p style=\"text-align: justify;\">\u201cEra esencial poder sacar a la luz el folclore que he podido cultivar a lo largo de toda una vida, esta vez ya desmarcado del formato de los conjuntos cuequeros. Este trabajo refleja profundamente mi sentimiento y aprecio por lo maravilloso de nuestras ra\u00edces\u201d, expres\u00f3 Castillo.<\/p>\n<p style=\"text-align: justify;\">La carrera del artista nacional comenz\u00f3 con los Tricolores por all\u00e1 por 1999. A\u00f1os m\u00e1s tarde comezar\u00eda su camino como solista, adentr\u00e1ndose en distintas musicalidades pero siempre teniendo como base el folclor, as\u00ed surgi\u00f3 el EP <strong>\u201cM\u00fasica simple para un mundo complejo\u201d<\/strong> (2012), el \u00e1lbum <strong>\u201cAlgo Fundamental\u201d<\/strong> (2018) y los EP <strong>\u201cLaura\u201d<\/strong> y <strong>\u201cAn\u00f3malo, sin ti\u201d<\/strong> (2020). Con <strong>\u201cDe Clavel en la Oreja\u2026 All\u00e1 va\u201d<\/strong>, Castillo, vuelve a sus ra\u00edces, por primera vez como solista en el folclore.<\/p>\n<p style=\"text-align: justify;\">\u201cEl t\u00edtulo de este disco es alusivo a lo que el mism\u00edsimo Hern\u00e1n \u201cNano\u201d N\u00fa\u00f1ez, relatara, sobre como pudo ver al roto chileno: con su tajo en la cara, sin su par de dientes y \u201cde clavel en la oreja\u201d, enton\u00e1ndose unas cuecas en las ruedas de cantores o en m\u00e1s alguna correr\u00eda por ah\u00ed. De clavel en la oreja, refleja muy bien la postura y esp\u00edritu que tengo ante el folclore chileno, tambi\u00e9n refleja una profunda admiraci\u00f3n por la figura de Nanito, y lo que signific\u00f3 haber recogido de \u00e9l lo maravilloso del sentir por la cueca\u201d, agrega el cantautor yungayino.<\/p>\n<p style=\"text-align: justify;\">En una apuesta novedosa e interesante, la producci\u00f3n cuenta con la participaci\u00f3n de la reconocida tonadera Mirtha Iturra, quien interpreta, junto a Castillo, una habanera-vals y una cueca lenta, temas diferentes al estilo que generalmente ella cultiva. Este trabajo musical reuni\u00f3 adem\u00e1s a destacados profesionales: Cristian Campos (guitarra), Nelson Vera (contrabajo), Ariel Pacheco (arpa), Felipe B\u00f3rquez (Piano), Dangelo Guerra (acorde\u00f3n, guitarra y voz), Rodrigo Soto (percusiones), V\u00edctor Hugo Campusano (acorde\u00f3n) e Ignacio Hern\u00e1ndez (acorde\u00f3n).<\/p>\n<p style=\"text-align: justify;\">Este fonograma fue realizado gracias al financiamiento del Fondo para el Fomento de la M\u00fasica Nacional, convocatoria 2020, ser\u00e1 lanzado en formato f\u00edsico el <strong>viernes 20 de agosto<\/strong> en el Bar Victoria en un evento que ser\u00e1 trasmitido en directo por la <strong>Fanpage de Lucho Castillo<\/strong> a partir de las <strong>18:00 horas.<\/strong><\/p>\n","protected":false},"excerpt":{"rendered":"<p>Agosto 2021: El m\u00fasico yungayino, reconocido en el ambiente cuequero como fundador de los grupos Los Tricolores y Los Piolas del Lote, entre otros, salda su deuda musical y publica su primer \u00e1lbum folcl\u00f3rico&#46;&#46;&#46;<\/p>\n","protected":false},"author":2,"featured_media":24906,"comment_status":"closed","ping_status":"open","sticky":false,"template":"","format":"standard","meta":{"footnotes":""},"categories":[1],"tags":[2507,628,1115,8,6,117],"class_list":["post-24905","post","type-post","status-publish","format-standard","has-post-thumbnail","hentry","category-noticias","tag-de-clavel-en-la-oreja","tag-lucho-castillo","tag-noticias","tag-yungay","tag-yungayino","tag-yungayinocl"],"_links":{"self":[{"href":"https:\/\/www.yungayino.cl\/noticias\/index.php?rest_route=\/wp\/v2\/posts\/24905","targetHints":{"allow":["GET"]}}],"collection":[{"href":"https:\/\/www.yungayino.cl\/noticias\/index.php?rest_route=\/wp\/v2\/posts"}],"about":[{"href":"https:\/\/www.yungayino.cl\/noticias\/index.php?rest_route=\/wp\/v2\/types\/post"}],"author":[{"embeddable":true,"href":"https:\/\/www.yungayino.cl\/noticias\/index.php?rest_route=\/wp\/v2\/users\/2"}],"replies":[{"embeddable":true,"href":"https:\/\/www.yungayino.cl\/noticias\/index.php?rest_route=%2Fwp%2Fv2%2Fcomments&post=24905"}],"version-history":[{"count":4,"href":"https:\/\/www.yungayino.cl\/noticias\/index.php?rest_route=\/wp\/v2\/posts\/24905\/revisions"}],"predecessor-version":[{"id":24927,"href":"https:\/\/www.yungayino.cl\/noticias\/index.php?rest_route=\/wp\/v2\/posts\/24905\/revisions\/24927"}],"wp:featuredmedia":[{"embeddable":true,"href":"https:\/\/www.yungayino.cl\/noticias\/index.php?rest_route=\/wp\/v2\/media\/24906"}],"wp:attachment":[{"href":"https:\/\/www.yungayino.cl\/noticias\/index.php?rest_route=%2Fwp%2Fv2%2Fmedia&parent=24905"}],"wp:term":[{"taxonomy":"category","embeddable":true,"href":"https:\/\/www.yungayino.cl\/noticias\/index.php?rest_route=%2Fwp%2Fv2%2Fcategories&post=24905"},{"taxonomy":"post_tag","embeddable":true,"href":"https:\/\/www.yungayino.cl\/noticias\/index.php?rest_route=%2Fwp%2Fv2%2Ftags&post=24905"}],"curies":[{"name":"wp","href":"https:\/\/api.w.org\/{rel}","templated":true}]}}