{"id":24910,"date":"2021-08-10T07:00:10","date_gmt":"2021-08-10T10:00:10","guid":{"rendered":"http:\/\/www.yungayino.cl\/noticias\/?p=24910"},"modified":"2021-08-06T15:35:22","modified_gmt":"2021-08-06T18:35:22","slug":"sag-y-seremi-de-vivienda-firman-convenio-para-fortalecer-fiscalizacion-de-loteos-en-zonas-rurales-de-nuble","status":"publish","type":"post","link":"https:\/\/www.yungayino.cl\/noticias\/?p=24910","title":{"rendered":"SAG y Seremi de Vivienda Firman Convenio Para Fortalecer Fiscalizaci\u00f3n de Loteos en Zonas Rurales de \u00d1uble"},"content":{"rendered":"<p><img loading=\"lazy\" decoding=\"async\" class=\"alignnone size-full wp-image-24911\" src=\"http:\/\/www.yungayino.cl\/noticias\/wp-content\/uploads\/2021\/08\/firma.jpg\" alt=\"\" width=\"700\" height=\"351\" srcset=\"https:\/\/www.yungayino.cl\/noticias\/wp-content\/uploads\/2021\/08\/firma.jpg 700w, https:\/\/www.yungayino.cl\/noticias\/wp-content\/uploads\/2021\/08\/firma-300x150.jpg 300w, https:\/\/www.yungayino.cl\/noticias\/wp-content\/uploads\/2021\/08\/firma-299x150.jpg 299w\" sizes=\"auto, (max-width: 700px) 100vw, 700px\" \/><\/p>\n<p style=\"text-align: justify;\">\u00d1uble, agosto 2021: Un convenio de colaboraci\u00f3n suscribieron el Director Regional del SAG, Eduardo Jeria, y Seremi de Vivienda y Urbanismo, Carlos Urrestarazu, orientado a fortalecer la coordinaci\u00f3n de ambos organismos para mejorar la fiscalizaci\u00f3n de los loteos a fin de proteger los terrenos rurales de la Regi\u00f3n de \u00d1uble y evitar el surgimiento irregular de zonas urbanas en predios r\u00fasticos.<\/p>\n<p style=\"text-align: justify;\">\u201cEl Servicio Agr\u00edcola y Ganadero tiene la responsabilidad de certificar que las subdivisiones de los predios r\u00fasticos, es decir, los predios de aptitud agr\u00edcola, ganadera o forestal que se ubican fuera de los l\u00edmites urbanos, tienen como resultado lotes con una superficie no inferior a media hect\u00e1rea. Esta colaboraci\u00f3n entre los dos servicios nos va a permitir resguardar el patrimonio m\u00e1s importante que tenemos en nuestra regi\u00f3n, que es la ruralidad. Al aportar la informaci\u00f3n a la Seremi de Vivienda, facilitamos la fiscalizaci\u00f3n y que se eviten loteos irregulares\u201d, sostuvo el Director Regional del SAG de \u00d1uble, Eduardo Jeria.<\/p>\n<p style=\"text-align: justify;\">\u201cTenemos muchas denuncias que se han generado en los tres a\u00f1os que nos hemos conformado como regi\u00f3n y que tenemos que acoger. La manera de ir controlando eso es que nos vayamos coordinando mutuamente y compartiendo la informaci\u00f3n con las Direcciones de Obras. No porque sean zonas rurales van a quedar al margen de la planificaci\u00f3n de las Direcciones de Obras o de los planes reguladores comunales, as\u00ed que esa informaci\u00f3n es muy valiosa\u201d, explic\u00f3 el Seremi de Vivienda, Carlos Urrestarrazu, quien resalt\u00f3 que este convenio corresponde a una iniciativa piloto generada en la Regi\u00f3n de \u00d1uble.<\/p>\n<p style=\"text-align: justify;\">A su vez, el Delegado Presidencial, Crist\u00f3bal Jardua, quien particip\u00f3 en la actividad destac\u00f3 que la colaboraci\u00f3n acordada por ambos organismos \u00abes una forma de hacer cumplir la ley y que se resguarden las reglas que existen para hacer la subdivisi\u00f3n predial en zonas rurales, y para esto es importante la coordinaci\u00f3n entre dos Ministerios, uno que se preocupa de la ciudad y el otro del mundo rural, quienes se van a traspasar la informaci\u00f3n y tambi\u00e9n para mejorar la canalizaci\u00f3n de las denuncias para que entre ellos puedan hacer una mejor penetraci\u00f3n en el terreno y tomar mejores decisiones en conjunto\u00bb.<\/p>\n<p style=\"text-align: justify;\">Agreg\u00f3 que \u00abtodos sabemos la naturaleza de la Regi\u00f3n de \u00d1uble, la m\u00e1s rural del pa\u00eds que tiene una tremenda cantidad de necesidades, en materia de agua potable rural, conectividad digital, terrestre, entre otras. Estamos haciendo muchos esfuerzos para mejorar todos esos indicadores, pero sabemos que falta mucho. Pero si seguimos creciendo en forma desproporcionada en contra de lo que establece la ley, va a seguir existiendo esa brecha en las materias en las cuales estamos trabajando\u00bb.<\/p>\n<p style=\"text-align: justify;\">El convenio, que tiene una vigencia de cuatro a\u00f1os, establece que tanto el SAG como la Seremi de Vivienda y Urbanismo se comunicar\u00e1n las denuncias que reciban por incumplimiento de las normativas relacionadas con la subdivisi\u00f3n de predios r\u00fasticos, as\u00ed como aquellas presentadas a los respectivos Juzgados de Polic\u00eda Local.<\/p>\n<p style=\"text-align: justify;\">A su vez, la Seremi de Vivienda y Urbanismo canalizar\u00e1 esta informaci\u00f3n a las Direcciones de Obras Municipales.<\/p>\n<p style=\"text-align: justify;\">En virtud de este convenio, el SAG remitir\u00e1 copia a la Seremi de Vivienda de los certificados de subdivisi\u00f3n de predios r\u00fasticos emitidos, as\u00ed como los planos de las subdivisiones aprobadas. Por su parte, la Seremi de Vivienda y Urbanismo digitalizar\u00e1 los planos de subdivisiones recibidos en custodia, archivos que tambi\u00e9n entregar\u00e1 al SAG.<\/p>\n","protected":false},"excerpt":{"rendered":"<p>\u00d1uble, agosto 2021: Un convenio de colaboraci\u00f3n suscribieron el Director Regional del SAG, Eduardo Jeria, y Seremi de Vivienda y Urbanismo, Carlos Urrestarazu, orientado a fortalecer la coordinaci\u00f3n de ambos organismos para mejorar la&#46;&#46;&#46;<\/p>\n","protected":false},"author":2,"featured_media":24911,"comment_status":"closed","ping_status":"open","sticky":false,"template":"","format":"standard","meta":{"footnotes":""},"categories":[1],"tags":[1115,1678,8,6,117],"class_list":["post-24910","post","type-post","status-publish","format-standard","has-post-thumbnail","hentry","category-noticias","tag-noticias","tag-nuble","tag-yungay","tag-yungayino","tag-yungayinocl"],"_links":{"self":[{"href":"https:\/\/www.yungayino.cl\/noticias\/index.php?rest_route=\/wp\/v2\/posts\/24910","targetHints":{"allow":["GET"]}}],"collection":[{"href":"https:\/\/www.yungayino.cl\/noticias\/index.php?rest_route=\/wp\/v2\/posts"}],"about":[{"href":"https:\/\/www.yungayino.cl\/noticias\/index.php?rest_route=\/wp\/v2\/types\/post"}],"author":[{"embeddable":true,"href":"https:\/\/www.yungayino.cl\/noticias\/index.php?rest_route=\/wp\/v2\/users\/2"}],"replies":[{"embeddable":true,"href":"https:\/\/www.yungayino.cl\/noticias\/index.php?rest_route=%2Fwp%2Fv2%2Fcomments&post=24910"}],"version-history":[{"count":1,"href":"https:\/\/www.yungayino.cl\/noticias\/index.php?rest_route=\/wp\/v2\/posts\/24910\/revisions"}],"predecessor-version":[{"id":24912,"href":"https:\/\/www.yungayino.cl\/noticias\/index.php?rest_route=\/wp\/v2\/posts\/24910\/revisions\/24912"}],"wp:featuredmedia":[{"embeddable":true,"href":"https:\/\/www.yungayino.cl\/noticias\/index.php?rest_route=\/wp\/v2\/media\/24911"}],"wp:attachment":[{"href":"https:\/\/www.yungayino.cl\/noticias\/index.php?rest_route=%2Fwp%2Fv2%2Fmedia&parent=24910"}],"wp:term":[{"taxonomy":"category","embeddable":true,"href":"https:\/\/www.yungayino.cl\/noticias\/index.php?rest_route=%2Fwp%2Fv2%2Fcategories&post=24910"},{"taxonomy":"post_tag","embeddable":true,"href":"https:\/\/www.yungayino.cl\/noticias\/index.php?rest_route=%2Fwp%2Fv2%2Ftags&post=24910"}],"curies":[{"name":"wp","href":"https:\/\/api.w.org\/{rel}","templated":true}]}}