{"id":24913,"date":"2021-08-08T08:00:52","date_gmt":"2021-08-08T11:00:52","guid":{"rendered":"http:\/\/www.yungayino.cl\/noticias\/?p=24913"},"modified":"2021-08-06T19:01:43","modified_gmt":"2021-08-06T22:01:43","slug":"ministra-karla-rubilar-hace-llamado-a-300-mil-hogares-con-rsh-que-aun-no-reciben-ife-a-solicitar-el-beneficio","status":"publish","type":"post","link":"https:\/\/www.yungayino.cl\/noticias\/?p=24913","title":{"rendered":"Ministra Karla Rubilar Hace Llamado a 300 Mil Hogares con RSH que A\u00fan No Reciben IFE a Solicitar el Beneficio"},"content":{"rendered":"<p><img loading=\"lazy\" decoding=\"async\" class=\"alignnone size-full wp-image-24914\" src=\"http:\/\/www.yungayino.cl\/noticias\/wp-content\/uploads\/2021\/08\/2.jpg\" alt=\"\" width=\"700\" height=\"350\" srcset=\"https:\/\/www.yungayino.cl\/noticias\/wp-content\/uploads\/2021\/08\/2.jpg 700w, https:\/\/www.yungayino.cl\/noticias\/wp-content\/uploads\/2021\/08\/2-300x150.jpg 300w\" sizes=\"auto, (max-width: 700px) 100vw, 700px\" \/><\/p>\n<p style=\"text-align: justify;\">Nacional, agosto 2021: Entre este viernes 6 y el lunes 16 de agosto se abre un nuevo proceso de inscripci\u00f3n para solicitar el Ingreso Familiar de Emergencia.<\/p>\n<p style=\"text-align: justify;\">Esta ma\u00f1ana la ministra de Desarrollo Social y Familia, Karla Rubilar, visit\u00f3 en la comuna de Macul el IFE BUS, puntualizando que nuevamente saldr\u00e1 a recorrer distintas comunas de la Regi\u00f3n Metropolitana para asistir a todas aquellas personas que no han solicitado el IFE Universal o no se han inscrito en el Registro Social de Hogares.<\/p>\n<p style=\"text-align: justify;\">En ese sentido, la ministra Karla Rubilar, recalc\u00f3 que \u201centre el 6 y el 16 de agosto esperamos llegar a esos hogares que todav\u00eda no reciben el Ingreso Familiar de Emergencia Universal y que est\u00e1n en el Registro Social de Hogares y lo requieren. Si mantenemos el 96% de cobertura que logramos durante el mes de julio aspiramos llegar a 300 mil hogares que todav\u00eda no est\u00e1n recibiendo nuestro IFE. Por esto junto al BUS IFE estamos con una lupa buscando a los hogares a los que no hemos podido llegar, en particular a los que est\u00e1n bajo el 60% de vulnerabilidad, porque queremos llegar a todas las familias\u201d.<\/p>\n<p style=\"text-align: justify;\">La ministra Rubilar, adem\u00e1s enfatiz\u00f3 que \u201ctodas las personas, incluso aquella que hoy est\u00e1n trabajando, y aquellas que est\u00e1n entre el 91 y 100% del Registro Social de Hogares pueden recibir el IFE. La \u00fanica raz\u00f3n para no recibirlo es estando en el 100% y que tengan m\u00e1s de 800 mil pesos l\u00edquidos por integrante del hogar en la declaraci\u00f3n que las mismas familias realizan por la p\u00e1gina web del IFE. Asimismo, es muy importante recalcar que para este nuevo proceso deben inscribirse solo aquellos que no han recibido el beneficio anteriormente. Todos aquellos que lo han recibido no necesitan hacer ning\u00fan tr\u00e1mite, est\u00e1n completamente inscritos y su pago va a ser de forma autom\u00e1tica\u201d.<\/p>\n<p style=\"text-align: justify;\">Con el aporte correspondiente al IFE Universal de julio se vieron beneficiados cerca de 7,7 millones de hogares y m\u00e1s de 15,8 millones de personas, concretando as\u00ed la transferencia directa m\u00e1s alta y masiva en la historia de Chile. Con respecto al total de hogares en el RSH, con el pago del IFE Universal de julio 2021 se benefici\u00f3 el 95,8% del total de hogares presentes en el RSH del mismo mes. Esta proporci\u00f3n alcanz\u00f3 el 98,9% en el tramo de mayor vulnerabilidad socioecon\u00f3mica (0 al 40%).<\/p>\n<p style=\"text-align: justify;\">IFE Agosto<\/p>\n<p style=\"text-align: justify;\">La subsecretaria de Servicios Sociales, Andrea Balladares, afirm\u00f3 que \u201cel IFE Universal de agosto puede llegar a beneficiar a las 8.3 millones de familias que est\u00e1n en el Registro Social de Hogares. Esta ayuda va directo al bolsillo de las personas y es complementaria a otros ingresos que reciba el hogar. El IFE no se pierde por tener un contrato de trabajo, tampoco si la situaci\u00f3n econ\u00f3mica mejora; la ayuda se mantiene y se pueden inscribir todos quienes lo necesiten\u201d.<\/p>\n<p style=\"text-align: justify;\">Por su parte, la subsecretaria de Evaluaci\u00f3n Social, Alejandra Candia, recalc\u00f3 que \u201ceste beneficio es parte de la construcci\u00f3n de una robusta Red de Protecci\u00f3n Social, la cual busca entregar apoyo y alivio a aquellas familias que se han visto rezagadas por la pandemia. No queremos que nadie que requiera de este apoyo se quede fuera, por lo que quienes a\u00fan no lo han solicitado deben ingresar a <strong><a href=\"https:\/\/www.ingresodeemergencia.cl\/\">www.ingresodeemergencia.cl<\/a><\/strong> y solo con su rut o su clave \u00fanica podr\u00e1n realizar su solicitud completamente en l\u00ednea, para poder seguir cuidando nuestra salud y la de todos en esta emergencia\u201d.<\/p>\n<p>&nbsp;<\/p>\n<p style=\"text-align: justify;\"><strong>IFE en \u00d1uble<\/strong><\/p>\n<p style=\"text-align: justify;\">Finalmente, la secretaria regional ministerial de la cartera para la regi\u00f3n de \u00d1uble Doris Osses, manifest\u00f3 \u201cHoy iniciamos un nuevo proceso de postulaci\u00f3n al IFE Universal y hacemos un llamado a todas las familias que aun teniendo el registro social de hogares no lo han solicitado, puedan hacerlo porque este es un beneficio para todos, es un IFE Universal aun cuando est\u00e9s dentro del 100% de calificaci\u00f3n. Para aquellos que no tienen un registro social de hogares, igualmente pueden iniciar el proceso de postulaci\u00f3n al IFE, mientras realizas tu modificaci\u00f3n, actualizaci\u00f3n o realizas tu nuevo RSH. Necesitamos que aquellas pocas familias de la regi\u00f3n que a\u00fan no hacen su solicitud, lo hagan porque como lo dijo el presidente Sebasti\u00e1n Pi\u00f1era y la Ministra Karla Rubilar, queremos que llegue a todas las familias. En \u00d1uble son m\u00e1s de 221 mil hogares los que ya han recibido el IFE, lo que se traduce en casi 500 mil personas que se han visto beneficiadas con este aporte al presupuesto familiar. Estamos en un 97,2% de cobertura, pero queremos llegar al 100%, que nadie quede fuera de este beneficio, por eso estamos iniciando una campa\u00f1a para buscar a aquellas familias que no han postulado, para que lo hagan hasta el 16 de agosto y puedan recibir este aporte monetario\u201d.<\/p>\n","protected":false},"excerpt":{"rendered":"<p>Nacional, agosto 2021: Entre este viernes 6 y el lunes 16 de agosto se abre un nuevo proceso de inscripci\u00f3n para solicitar el Ingreso Familiar de Emergencia. Esta ma\u00f1ana la ministra de Desarrollo Social&#46;&#46;&#46;<\/p>\n","protected":false},"author":2,"featured_media":24914,"comment_status":"closed","ping_status":"open","sticky":false,"template":"","format":"standard","meta":{"footnotes":""},"categories":[1],"tags":[2471,2508,1115,8,6,117],"class_list":["post-24913","post","type-post","status-publish","format-standard","has-post-thumbnail","hentry","category-noticias","tag-ife","tag-ingreso-familiar-de-emergencia","tag-noticias","tag-yungay","tag-yungayino","tag-yungayinocl"],"_links":{"self":[{"href":"https:\/\/www.yungayino.cl\/noticias\/index.php?rest_route=\/wp\/v2\/posts\/24913","targetHints":{"allow":["GET"]}}],"collection":[{"href":"https:\/\/www.yungayino.cl\/noticias\/index.php?rest_route=\/wp\/v2\/posts"}],"about":[{"href":"https:\/\/www.yungayino.cl\/noticias\/index.php?rest_route=\/wp\/v2\/types\/post"}],"author":[{"embeddable":true,"href":"https:\/\/www.yungayino.cl\/noticias\/index.php?rest_route=\/wp\/v2\/users\/2"}],"replies":[{"embeddable":true,"href":"https:\/\/www.yungayino.cl\/noticias\/index.php?rest_route=%2Fwp%2Fv2%2Fcomments&post=24913"}],"version-history":[{"count":1,"href":"https:\/\/www.yungayino.cl\/noticias\/index.php?rest_route=\/wp\/v2\/posts\/24913\/revisions"}],"predecessor-version":[{"id":24915,"href":"https:\/\/www.yungayino.cl\/noticias\/index.php?rest_route=\/wp\/v2\/posts\/24913\/revisions\/24915"}],"wp:featuredmedia":[{"embeddable":true,"href":"https:\/\/www.yungayino.cl\/noticias\/index.php?rest_route=\/wp\/v2\/media\/24914"}],"wp:attachment":[{"href":"https:\/\/www.yungayino.cl\/noticias\/index.php?rest_route=%2Fwp%2Fv2%2Fmedia&parent=24913"}],"wp:term":[{"taxonomy":"category","embeddable":true,"href":"https:\/\/www.yungayino.cl\/noticias\/index.php?rest_route=%2Fwp%2Fv2%2Fcategories&post=24913"},{"taxonomy":"post_tag","embeddable":true,"href":"https:\/\/www.yungayino.cl\/noticias\/index.php?rest_route=%2Fwp%2Fv2%2Ftags&post=24913"}],"curies":[{"name":"wp","href":"https:\/\/api.w.org\/{rel}","templated":true}]}}