{"id":24948,"date":"2021-08-17T07:00:34","date_gmt":"2021-08-17T10:00:34","guid":{"rendered":"http:\/\/www.yungayino.cl\/noticias\/?p=24948"},"modified":"2021-08-13T15:48:52","modified_gmt":"2021-08-13T18:48:52","slug":"conaf-y-mop-se-preparan-de-cara-a-critica-temporada-de-incendios-forestales","status":"publish","type":"post","link":"https:\/\/www.yungayino.cl\/noticias\/?p=24948","title":{"rendered":"CONAF y MOP se Preparan de Cara a Cr\u00edtica Temporada de Incendios Forestales"},"content":{"rendered":"<p><img loading=\"lazy\" decoding=\"async\" class=\"alignnone size-full wp-image-24949\" src=\"http:\/\/www.yungayino.cl\/noticias\/wp-content\/uploads\/2021\/08\/1-1.jpg\" alt=\"\" width=\"700\" height=\"350\" srcset=\"https:\/\/www.yungayino.cl\/noticias\/wp-content\/uploads\/2021\/08\/1-1.jpg 700w, https:\/\/www.yungayino.cl\/noticias\/wp-content\/uploads\/2021\/08\/1-1-300x150.jpg 300w\" sizes=\"auto, (max-width: 700px) 100vw, 700px\" \/><\/p>\n<p style=\"text-align: justify;\">\u00d1uble, agosto 2021: Durante la temporada pasada, CONAF tuvo como meta alcanzar los 258 kil\u00f3metros de cortafuegos, algo que se logr\u00f3 y se super\u00f3 alcanzando los 280 kil\u00f3metros construidos, lo que si bien hubo una mayor ocurrencia de incendios, se registr\u00f3 una baja significativa en la afectaci\u00f3n a superficie en la regi\u00f3n. Complementando aquello, la secci\u00f3n de prevenci\u00f3n de incendios ha venido trabajando con distintos actores territoriales en las distintas comunas de \u00d1uble para ense\u00f1ar a los vecinos c\u00f3mo proteger sus viviendas, haciendo silvicultura preventiva.<\/p>\n<p style=\"text-align: justify;\">Durante esta semana, la gerencia de incendios forestales de CONAF dio a conocer el mapa de riesgo a nivel nacional, lo que a todas luces da un panorama poco favorable para la Regi\u00f3n de \u00d1uble y es por lo que la primera reuni\u00f3n de coordinaci\u00f3n entre el MOP y CONAF, cobra vital importancia para reducir la probabilidad de propagaci\u00f3n de los incendios forestales que se pudieran ocasionar en la regi\u00f3n.<\/p>\n<p style=\"text-align: justify;\">As\u00ed lo destac\u00f3 Javier Parra, seremi de MOP, quien asegur\u00f3 que \u201cse prev\u00e9 una temporada cr\u00edtica de incendios forestales en nuestra regi\u00f3n, por lo tanto, el trabajo preventivo es vital. Por eso participamos como Ministerio de Obras P\u00fablicas de este primer acercamiento con CONAF, analizando las experiencias de a\u00f1os anteriores, tomando aprendizajes, oportunidades de mejora y comprometi\u00e9ndonos con coordinaci\u00f3n, maquinaria y hora hombre, en los cortafuegos y en los diferentes trabajos que se realizar\u00e1n en las tres provincias de \u00d1uble\u201d.<\/p>\n<p style=\"text-align: justify;\">Bajo la misma l\u00ednea, el director regional de CONAF, Domingo Gonz\u00e1lez Z\u00fa\u00f1iga, destac\u00f3 que estas coordinaciones tempranas cobran vital relevancia para estar preparados y \u201cpoder establecer cu\u00e1les son aquellos puntos cr\u00edtico donde vamos a comenzar la construcci\u00f3n de cortafuegos, acorde con los distintos planes de prevenci\u00f3n que se est\u00e1n desarrollados en las distintas comunas de la regi\u00f3n. Todo ello para prevenir y estar mejor preparado para combatir los incendios forestales que se nos avecinan en la temporada, que ya sabemos se viene compleja, toda vez que tenemos efectos del cambio clim\u00e1tico en un aumento de las temperaturas, tambi\u00e9n en una p\u00e9rdida de humedad de los combustibles secos, finos o muertos, y hemos determinado tambi\u00e9n que la humedad del suelo es mucho menor que en los quinquenios anteriores. Todos estos factores contribuyen a que el desarrollo de los incendios sea m\u00e1s favorable y por lo tanto haya mayor velocidad propagaci\u00f3n, lo que puede transformarse en un incendio de mayor proporci\u00f3n\u201d.<\/p>\n<p style=\"text-align: justify;\"><strong>Recomendaciones preventivas<\/strong><\/p>\n<p style=\"text-align: justify;\">Teniendo en cuenta el complejo escenario que est\u00e1 por llegar al pa\u00eds, Gonz\u00e1lez hizo un llamado especial a los \u00f1ublensinos que habitan los sectores rurales de la regi\u00f3n y a quienes saldr\u00e1n a disfrutar de los atractivos naturales presentes en el territorio a que \u201ces importante recordar a todos nuestros vecinos y agricultores, silvicultores, tener presente todas la medidas de prevenci\u00f3n tendientes a evitar el uso del fuego. Si es necesario hacerlo, realizarlo con los avisos correspondientes a la Corporaci\u00f3n y tomando todas las medidas necesarias para efectuar una quema segura. Para quienes habitan zonas rurales es importante evitar acumular material combustible alrededor de las casas, mantener limpio los patios, las canaletas de los techos y, por supuesto, si tenemos que salir alg\u00fan lugar a esparcirnos, no utilizar fuego en zonas de vegetaci\u00f3n seca y si se hace, realizarlo en zona segura y dejar bien apagada la fogata o los fuegos que se requieren para la preparaci\u00f3n de alimentos\u201d.<\/p>\n","protected":false},"excerpt":{"rendered":"<p>\u00d1uble, agosto 2021: Durante la temporada pasada, CONAF tuvo como meta alcanzar los 258 kil\u00f3metros de cortafuegos, algo que se logr\u00f3 y se super\u00f3 alcanzando los 280 kil\u00f3metros construidos, lo que si bien hubo&#46;&#46;&#46;<\/p>\n","protected":false},"author":2,"featured_media":24949,"comment_status":"closed","ping_status":"open","sticky":false,"template":"","format":"standard","meta":{"footnotes":""},"categories":[1],"tags":[192,2259,1115,1678,8,6,117],"class_list":["post-24948","post","type-post","status-publish","format-standard","has-post-thumbnail","hentry","category-noticias","tag-conaf","tag-mop","tag-noticias","tag-nuble","tag-yungay","tag-yungayino","tag-yungayinocl"],"_links":{"self":[{"href":"https:\/\/www.yungayino.cl\/noticias\/index.php?rest_route=\/wp\/v2\/posts\/24948","targetHints":{"allow":["GET"]}}],"collection":[{"href":"https:\/\/www.yungayino.cl\/noticias\/index.php?rest_route=\/wp\/v2\/posts"}],"about":[{"href":"https:\/\/www.yungayino.cl\/noticias\/index.php?rest_route=\/wp\/v2\/types\/post"}],"author":[{"embeddable":true,"href":"https:\/\/www.yungayino.cl\/noticias\/index.php?rest_route=\/wp\/v2\/users\/2"}],"replies":[{"embeddable":true,"href":"https:\/\/www.yungayino.cl\/noticias\/index.php?rest_route=%2Fwp%2Fv2%2Fcomments&post=24948"}],"version-history":[{"count":1,"href":"https:\/\/www.yungayino.cl\/noticias\/index.php?rest_route=\/wp\/v2\/posts\/24948\/revisions"}],"predecessor-version":[{"id":24950,"href":"https:\/\/www.yungayino.cl\/noticias\/index.php?rest_route=\/wp\/v2\/posts\/24948\/revisions\/24950"}],"wp:featuredmedia":[{"embeddable":true,"href":"https:\/\/www.yungayino.cl\/noticias\/index.php?rest_route=\/wp\/v2\/media\/24949"}],"wp:attachment":[{"href":"https:\/\/www.yungayino.cl\/noticias\/index.php?rest_route=%2Fwp%2Fv2%2Fmedia&parent=24948"}],"wp:term":[{"taxonomy":"category","embeddable":true,"href":"https:\/\/www.yungayino.cl\/noticias\/index.php?rest_route=%2Fwp%2Fv2%2Fcategories&post=24948"},{"taxonomy":"post_tag","embeddable":true,"href":"https:\/\/www.yungayino.cl\/noticias\/index.php?rest_route=%2Fwp%2Fv2%2Ftags&post=24948"}],"curies":[{"name":"wp","href":"https:\/\/api.w.org\/{rel}","templated":true}]}}