{"id":24954,"date":"2021-08-18T07:00:12","date_gmt":"2021-08-18T10:00:12","guid":{"rendered":"http:\/\/www.yungayino.cl\/noticias\/?p=24954"},"modified":"2021-08-16T14:51:17","modified_gmt":"2021-08-16T17:51:17","slug":"gobierno-regional-traspasa-mas-de-1-300-millones-a-municipios-para-compra-de-maquinarias","status":"publish","type":"post","link":"https:\/\/www.yungayino.cl\/noticias\/?p=24954","title":{"rendered":"Gobierno Regional Traspasa M\u00e1s de $ 1.300 Millones a Municipios Para Compra de Maquinarias"},"content":{"rendered":"<p><img loading=\"lazy\" decoding=\"async\" class=\"alignnone size-full wp-image-24955\" src=\"http:\/\/www.yungayino.cl\/noticias\/wp-content\/uploads\/2021\/08\/alcaldes.jpg\" alt=\"\" width=\"700\" height=\"350\" srcset=\"https:\/\/www.yungayino.cl\/noticias\/wp-content\/uploads\/2021\/08\/alcaldes.jpg 700w, https:\/\/www.yungayino.cl\/noticias\/wp-content\/uploads\/2021\/08\/alcaldes-300x150.jpg 300w\" sizes=\"auto, (max-width: 700px) 100vw, 700px\" \/><\/p>\n<p style=\"text-align: justify;\">\u00d1uble, agosto 2021: \u00a0Como una forma de mostrar el compromiso con la descentralizaci\u00f3n y la colaboraci\u00f3n como atributos del nuevo Gobierno Regional, el Gobernador Regional \u00d3scar Cris\u00f3stomo, anunci\u00f3 una nueva modalidad de ejecuci\u00f3n de proyectos, a trav\u00e9s de la cual, se traspasa a los municipios el proceso de licitaci\u00f3n para efectuar las compras con recursos del Gobierno Regional. La noticia se dio a conocer junto a los alcaldes de siete comunas, a los que se transferir\u00e1n $ 1.349 millones para la compra de maquinarias y camiones a trav\u00e9s de iniciativas del subtitulo 29.<\/p>\n<p style=\"text-align: justify;\">En detalle, los proyectos que a partir de hoy pueden licitar los municipios son la adquisici\u00f3n de un cami\u00f3n limpia fosas y un rodillo compactador con cami\u00f3n para su traslado, por un total de M$ 208.686 para Coelemu; la reposici\u00f3n de un cami\u00f3n Tolva y la adquisici\u00f3n de un veh\u00edculo para traslado de minusv\u00e1lidos por M$ 214.197 para <strong>Yungay<\/strong>. La comuna de Ninhue se vio beneficiada con la adquisici\u00f3n de dos camiones Tolva por M$ 121.755, en tanto, San Nicol\u00e1s podr\u00e1 reponer el cami\u00f3n recolector de residuos domiciliarios por M$ 162.868.\u00a0 Por otra parte, el municipio de Quirihue podr\u00e1 adquirir una motoniveladora para la mantenci\u00f3n de caminos por un monto de M$ 215.737 y El Carmen comprar\u00e1 maquinarias para el municipio por un total de M $209.136.\u00a0 Finalmente, la comuna de Trehuaco repondr\u00e1 la flota de transporte escolar por M$ 217.175.<\/p>\n<p style=\"text-align: justify;\">El Gobernador Cris\u00f3stomo explic\u00f3 que \u201cel Gobierno Regional ha decidido cambiar la mec\u00e1nica que ven\u00eda trabajando en el \u00faltimo tiempo y hoy el enfoque va a estar centrado en el trabajo colaborativo con los municipios, porque ya no podemos seguir ignorando el trabajo que tenemos que hacer con los gobiernos locales. Es por eso, que la primera se\u00f1al que hemos querido dar, es precisamente, destrabar proyectos que ten\u00edan m\u00e1s de dos a\u00f1os en este Gobierno Regional de los cuales estos municipios necesitaban equipamiento para que sus comunidades pudieran mejorar las condiciones de sus vecinos.\u201d<\/p>\n<p style=\"text-align: justify;\">Anunci\u00f3 que \u201cen total son m\u00e1s de 1.300 millones que hoy vamos a suscribir como convenios, van a ser adem\u00e1s los mismos municipios los que realizan estas licitaciones. Yo tengo plena confianza en la gesti\u00f3n que hacen los municipios, por lo tanto, m\u00e1s que nosotros estar centralizando todo el accionar desde el Gobierno Regional, lo que vamos a hacer es descentralizar y cada municipio se hace responsable, como lo han hecho siempre, dan cuenta de un buen accionar\u201d.<\/p>\n<p style=\"text-align: justify;\">Consejero Regional<\/p>\n<p style=\"text-align: justify;\">El Consejero Regional Arnoldo Jim\u00e9nez, quien particip\u00f3 de la ceremonia, valor\u00f3 \u201cpoder saldar esta deuda con los municipios, hab\u00eda algunos proyectos aprobados hace dos a\u00f1os, y finalmente este es un beneficio para las comunidades de manera que me alegro por saldar esa deuda (\u2026) y tambi\u00e9n por devolverle a las municipalidades la facultad de licitar. Tenemos que creer en la descentralizaci\u00f3n porque no sacamos nada con hablar de una descentralizaci\u00f3n nacional y ac\u00e1 hacer una concentraci\u00f3n. La eficiencia de la regi\u00f3n va a depender de la eficiencia de todos nosotros, y siendo eficiente los municipios ser\u00e1n eficientes el Gobierno Regional y la regi\u00f3n\u201d.<\/p>\n<p style=\"text-align: justify;\">Alcaldes beneficiados<\/p>\n<p style=\"text-align: justify;\">En tanto, el alcalde de Coelemu, Alejandro Pedreros agradeci\u00f3 al Gobernador Regional y se\u00f1al\u00f3 que \u201cen el caso de nuestra comuna tuvimos que esperar m\u00e1s de dos a\u00f1os para que la transferencia de los recursos se materializara y pudi\u00e9ramos dar respuesta a una necesidad que es de la gente y en eso no puedo menos que concordar con nuestro Gobernador, porque estos proyectos los presentamos en la perspectiva de mejorar la calidad de vida de las personas, entonces estos retrasos injustificados, que se produjeron en el pasado, nosotros sabemos que no se van a repetir y\u00a0 en esa l\u00ednea queremos darle las gracias al Gobernador por agilizar esta transferencia en pocas semanas\u201d.<\/p>\n<p style=\"text-align: justify;\">V\u00edctor Hugo Rice, alcalde de San Nicol\u00e1s tambi\u00e9n destac\u00f3 el cami\u00f3n recolector de residuos que recibe su comuna, y asegur\u00f3 que \u201clos beneficiados son mis queridos vecinos de San Nicol\u00e1s, ellos van a sentirse muy contentos porque la recolecci\u00f3n de basura es fundamental para la salud, para la higiene, por lo tanto, estamos agradecidos del Gobernador, de su gesti\u00f3n que ha hecho y del consejero don Arnoldo Jim\u00e9nez\u201d.<\/p>\n<p style=\"text-align: justify;\">Rafal Cifuentes Rodr\u00edguez, alcalde de Yungay se\u00f1al\u00f3 \u201cPor fin hoy se concreta esta iniciativa para nuestra comuna. El 2019 anunciamos que estos proyectos hab\u00edan sido aprobados, pero estaba pendiente la transferencia de los recursos para hacer efectiva la compra, por eso agradecemos al Gobernador su buena disposici\u00f3n para concretar esta firma de convenio, lo que se traduce en que prontamente podremos adquirir los 2 camiones tolva y nuestro anhelado veh\u00edculo para personas con discapacidad\u201d.<\/p>\n","protected":false},"excerpt":{"rendered":"<p>\u00d1uble, agosto 2021: \u00a0Como una forma de mostrar el compromiso con la descentralizaci\u00f3n y la colaboraci\u00f3n como atributos del nuevo Gobierno Regional, el Gobernador Regional \u00d3scar Cris\u00f3stomo, anunci\u00f3 una nueva modalidad de ejecuci\u00f3n de&#46;&#46;&#46;<\/p>\n","protected":false},"author":2,"featured_media":24955,"comment_status":"closed","ping_status":"open","sticky":false,"template":"","format":"standard","meta":{"footnotes":""},"categories":[1],"tags":[1115,1678,8,6,117],"class_list":["post-24954","post","type-post","status-publish","format-standard","has-post-thumbnail","hentry","category-noticias","tag-noticias","tag-nuble","tag-yungay","tag-yungayino","tag-yungayinocl"],"_links":{"self":[{"href":"https:\/\/www.yungayino.cl\/noticias\/index.php?rest_route=\/wp\/v2\/posts\/24954","targetHints":{"allow":["GET"]}}],"collection":[{"href":"https:\/\/www.yungayino.cl\/noticias\/index.php?rest_route=\/wp\/v2\/posts"}],"about":[{"href":"https:\/\/www.yungayino.cl\/noticias\/index.php?rest_route=\/wp\/v2\/types\/post"}],"author":[{"embeddable":true,"href":"https:\/\/www.yungayino.cl\/noticias\/index.php?rest_route=\/wp\/v2\/users\/2"}],"replies":[{"embeddable":true,"href":"https:\/\/www.yungayino.cl\/noticias\/index.php?rest_route=%2Fwp%2Fv2%2Fcomments&post=24954"}],"version-history":[{"count":2,"href":"https:\/\/www.yungayino.cl\/noticias\/index.php?rest_route=\/wp\/v2\/posts\/24954\/revisions"}],"predecessor-version":[{"id":24957,"href":"https:\/\/www.yungayino.cl\/noticias\/index.php?rest_route=\/wp\/v2\/posts\/24954\/revisions\/24957"}],"wp:featuredmedia":[{"embeddable":true,"href":"https:\/\/www.yungayino.cl\/noticias\/index.php?rest_route=\/wp\/v2\/media\/24955"}],"wp:attachment":[{"href":"https:\/\/www.yungayino.cl\/noticias\/index.php?rest_route=%2Fwp%2Fv2%2Fmedia&parent=24954"}],"wp:term":[{"taxonomy":"category","embeddable":true,"href":"https:\/\/www.yungayino.cl\/noticias\/index.php?rest_route=%2Fwp%2Fv2%2Fcategories&post=24954"},{"taxonomy":"post_tag","embeddable":true,"href":"https:\/\/www.yungayino.cl\/noticias\/index.php?rest_route=%2Fwp%2Fv2%2Ftags&post=24954"}],"curies":[{"name":"wp","href":"https:\/\/api.w.org\/{rel}","templated":true}]}}