{"id":24958,"date":"2021-08-20T07:00:03","date_gmt":"2021-08-20T10:00:03","guid":{"rendered":"http:\/\/www.yungayino.cl\/noticias\/?p=24958"},"modified":"2021-08-17T17:22:36","modified_gmt":"2021-08-17T20:22:36","slug":"desde-el-lanzamiento-del-plan-nuble-la-region-cuenta-con-18-nuevos-liceos-bicentenario","status":"publish","type":"post","link":"https:\/\/www.yungayino.cl\/noticias\/?p=24958","title":{"rendered":"Desde el Lanzamiento del Plan \u00d1uble, la Regi\u00f3n Cuenta con 18 Nuevos Liceos Bicentenario"},"content":{"rendered":"<p><img loading=\"lazy\" decoding=\"async\" class=\"alignnone size-full wp-image-24959\" src=\"http:\/\/www.yungayino.cl\/noticias\/wp-content\/uploads\/2021\/08\/bicentenario2.jpg\" alt=\"\" width=\"700\" height=\"350\" srcset=\"https:\/\/www.yungayino.cl\/noticias\/wp-content\/uploads\/2021\/08\/bicentenario2.jpg 700w, https:\/\/www.yungayino.cl\/noticias\/wp-content\/uploads\/2021\/08\/bicentenario2-300x150.jpg 300w\" sizes=\"auto, (max-width: 700px) 100vw, 700px\" \/><\/p>\n<p style=\"text-align: justify;\">\u00d1uble, agosto 2021: La meta propuesta en el Plan \u00d1uble era contar con 5 nuevos Liceos Bicentenarios en la regi\u00f3n, en el per\u00edodo comprendido entre el 2018 y el 2022, sin embargo, fue ampliamente superado, teniendo a la fecha 21 Liceos Bicentenarios creados bajo este gobierno.<\/p>\n<p style=\"text-align: justify;\">Liceos Bicentenario es un programa iniciado en el primer gobierno del Presidente Sebasti\u00e1n Pi\u00f1era, el a\u00f1o 2010, que busca apoyar a establecimientos educacionales para que alcancen, recuperen y\/o mantengan est\u00e1ndares de calidad, con el objetivo de que miles de j\u00f3venes a lo largo de todo Chile, puedan acceder a mejores herramientas y oportunidades para enfrentarse al futuro.<\/p>\n<p style=\"text-align: justify;\">Como parte del Plan \u00d1uble, se hab\u00eda propuesto que durante los a\u00f1os 2019 al 2022 se contar\u00e1 con al menos dos nuevos Liceos Bicentenario en la regi\u00f3n, sum\u00e1ndose a los tres incorporados en el concurso de diciembre 2018. De esta forma, se buscaba alcanzar un total de cinco nuevos Liceos Bicentenario en el periodo 2018-2022.<\/p>\n<p style=\"text-align: justify;\">Sin embargo, los resultados de las \u00faltimas 2 convocatorias han permitido superar ampliamente esta meta. En los resultados 2019 se incorporaron 8 nuevos establecimientos a esta red y en la convocatoria 2020, 10 unidades educativas m\u00e1s, alcanzando de esta forma 18 Liceos Bicentenarios desde el lanzamiento del Plan \u00d1uble y un total de 21 durante este Gobierno, beneficiando a m\u00e1s 11.400 estudiantes.<\/p>\n<p style=\"text-align: justify;\">En detalle se trata en el caso de la convocatoria 2019 del Liceo Diego Portales Palazuelos de San Carlos, Liceo Polivalente Nuestra Se\u00f1ora de la Merced de San Carlos, Liceo Jorge Alessandri Rodr\u00edguez de San Fabi\u00e1n, Liceo Polit\u00e9cnico Jos\u00e9 Manuel Pinto Arias de Pinto, Colegio Polivalente Padre Hurtado de Chill\u00e1n, <strong>Colegio Nueva Esperanza de Yungay<\/strong>, Liceo Polivalente de Trehuaco y Colegio Enrique Salinas de Chill\u00e1n.<\/p>\n<p style=\"text-align: justify;\">En lo que respecta a la convocatoria 2020, corresponden al Liceo del Liceo T\u00e9cnico Puente \u00d1uble de San Nicol\u00e1s, Colegio El \u00c1rbol de la Vida de San Carlos, Liceo Polivalente Juvenal Hern\u00e1ndez Jaque de El Carmen, Liceo Polivalente Virginio Arias de R\u00e1nquil, Liceo Arturo Prat Chac\u00f3n de Ninhue, Liceo San Gregorio de \u00d1iqu\u00e9n, Colegio Dar\u00edo Salas de Chill\u00e1n Viejo, Liceo Santa Cruz de Larqui de Bulnes, Liceo Manuel Jes\u00fas Ortiz de San Ignacio y Liceo Nibaldo Sep\u00falveda Fern\u00e1ndez de Portezuelo.<\/p>\n<p style=\"text-align: justify;\">Al respecto, el Delegado Presidencial Regional, Crist\u00f3bal Jardua calific\u00f3 esta iniciativa como \u201cuno de los importantes compromisos que realiz\u00f3 este Gobierno, un compromiso que lo comenzamos cuando nos iniciamos como regi\u00f3n y que el Presidente Sebasti\u00e1n Pi\u00f1era, cuando anuncia nuestro plan regional, tambi\u00e9n establece un \u00edtem especial para los Liceos Bicentenario, en el cual se comprometieron al menos cinco al 2022. Todos sabemos lo importante que es este tema para las familias de nuestra regi\u00f3n, m\u00e1s a\u00fan cuando vemos y conocemos la excelente experiencia que han demostrado los Liceos Bicentenario en \u00d1uble y por eso me llena de orgullo anunciar que superamos ampliamente el compromiso que en un principio ten\u00edamos como regi\u00f3n\u201d.<\/p>\n<p style=\"text-align: justify;\">De igual forma, el Seremi de Educaci\u00f3n, Patricio Parejas, detall\u00f3 que \u201cHoy m\u00e1s de 15 mil estudiantes de nuestra regi\u00f3n pertenecen a alg\u00fan colegio o Liceo Bicentenario de Excelencia, lo que sin duda les permitir\u00e1 obtener m\u00e1s y mejores oportunidades para su futuro. La red de Liceos Bicentenario, contribuye a mejorar la calidad de la educaci\u00f3n y fortalecer las habilidades de nuestros ni\u00f1os, ni\u00f1as y j\u00f3venes, por lo que nos pone muy contentos que desde el 2018 ya tengamos 21 nuevos establecimientos de esta categor\u00eda\u201d.<\/p>\n<p style=\"text-align: justify;\">Al denominarse Liceo Bicentenario, los establecimientos deben firmar el \u201cCompromiso Bicentenario\u201d, donde la comunidad escolar asume metas desafiantes, como ubicarse entre los mejores establecimientos en resultados SIMCE o implementar modelos innovadores con el sector productivo y generar las condiciones para que los estudiantes que lo deseen contin\u00faen estudios superiores.<\/p>\n<p style=\"text-align: justify;\"><strong>Compromiso Bicentenario:<\/strong><\/p>\n<p style=\"text-align: justify;\">Como estudiantes nos comprometemos a ser protagonistas de nuestra educaci\u00f3n, aprovechando al m\u00e1ximo las oportunidades de aprendizaje, con esfuerzo y dedicaci\u00f3n.<\/p>\n<p style=\"text-align: justify;\">Los profesores nos comprometemos a entregar una educaci\u00f3n de calidad a todos los estudiantes, gui\u00e1ndolos y motiv\u00e1ndolos a aprender.<\/p>\n<p style=\"text-align: justify;\">Los asistentes de la educaci\u00f3n nos comprometemos a otorgar un ambiente propicio para el aprendizaje.<\/p>\n<p style=\"text-align: justify;\">El equipo directivo se compromete a acompa\u00f1ar al profesor, entregarle retroalimentaci\u00f3n y orientarlo en su docencia.<\/p>\n<p style=\"text-align: justify;\">Como padres y apoderados nos comprometemos a apoyar a nuestros hijos fomentando el esfuerzo y dedicaci\u00f3n en sus deberes escolares e involucrarnos en el proyecto educativo del establecimiento.<\/p>\n<p style=\"text-align: justify;\">Como director me comprometo a ser un agente movilizador de cambio dentro de la comunidad educativa, teniendo como foco el logro de los aprendizajes.<\/p>\n<p style=\"text-align: justify;\">Como sostenedor me comprometo a apoyar la implementaci\u00f3n del proyecto Bicentenario.<\/p>\n<p style=\"text-align: justify;\">Como Seremi de Educaci\u00f3n me comprometo a acompa\u00f1ar al establecimiento, contribuyendo a mejorar la educaci\u00f3n del pa\u00eds.<\/p>\n<p style=\"text-align: justify;\">Como Ministro de Educaci\u00f3n me comprometo a trabajar por un sistema educativo que se centre en la sala de clases, la convivencia escolar y la formaci\u00f3n integral de los estudiantes.<\/p>\n","protected":false},"excerpt":{"rendered":"<p>\u00d1uble, agosto 2021: La meta propuesta en el Plan \u00d1uble era contar con 5 nuevos Liceos Bicentenarios en la regi\u00f3n, en el per\u00edodo comprendido entre el 2018 y el 2022, sin embargo, fue ampliamente&#46;&#46;&#46;<\/p>\n","protected":false},"author":2,"featured_media":24959,"comment_status":"closed","ping_status":"open","sticky":false,"template":"","format":"standard","meta":{"footnotes":""},"categories":[1],"tags":[366,2512,1115,8,6,117],"class_list":["post-24958","post","type-post","status-publish","format-standard","has-post-thumbnail","hentry","category-noticias","tag-educacion","tag-liceos-bicentenario","tag-noticias","tag-yungay","tag-yungayino","tag-yungayinocl"],"_links":{"self":[{"href":"https:\/\/www.yungayino.cl\/noticias\/index.php?rest_route=\/wp\/v2\/posts\/24958","targetHints":{"allow":["GET"]}}],"collection":[{"href":"https:\/\/www.yungayino.cl\/noticias\/index.php?rest_route=\/wp\/v2\/posts"}],"about":[{"href":"https:\/\/www.yungayino.cl\/noticias\/index.php?rest_route=\/wp\/v2\/types\/post"}],"author":[{"embeddable":true,"href":"https:\/\/www.yungayino.cl\/noticias\/index.php?rest_route=\/wp\/v2\/users\/2"}],"replies":[{"embeddable":true,"href":"https:\/\/www.yungayino.cl\/noticias\/index.php?rest_route=%2Fwp%2Fv2%2Fcomments&post=24958"}],"version-history":[{"count":2,"href":"https:\/\/www.yungayino.cl\/noticias\/index.php?rest_route=\/wp\/v2\/posts\/24958\/revisions"}],"predecessor-version":[{"id":24961,"href":"https:\/\/www.yungayino.cl\/noticias\/index.php?rest_route=\/wp\/v2\/posts\/24958\/revisions\/24961"}],"wp:featuredmedia":[{"embeddable":true,"href":"https:\/\/www.yungayino.cl\/noticias\/index.php?rest_route=\/wp\/v2\/media\/24959"}],"wp:attachment":[{"href":"https:\/\/www.yungayino.cl\/noticias\/index.php?rest_route=%2Fwp%2Fv2%2Fmedia&parent=24958"}],"wp:term":[{"taxonomy":"category","embeddable":true,"href":"https:\/\/www.yungayino.cl\/noticias\/index.php?rest_route=%2Fwp%2Fv2%2Fcategories&post=24958"},{"taxonomy":"post_tag","embeddable":true,"href":"https:\/\/www.yungayino.cl\/noticias\/index.php?rest_route=%2Fwp%2Fv2%2Ftags&post=24958"}],"curies":[{"name":"wp","href":"https:\/\/api.w.org\/{rel}","templated":true}]}}