{"id":24971,"date":"2021-08-19T15:00:46","date_gmt":"2021-08-19T18:00:46","guid":{"rendered":"http:\/\/www.yungayino.cl\/noticias\/?p=24971"},"modified":"2021-08-19T17:01:58","modified_gmt":"2021-08-19T20:01:58","slug":"aprueban-financiamiento-para-el-mejoramiento-de-pasarela-del-sector-santa-lucia-bajo-de-yungay","status":"publish","type":"post","link":"https:\/\/www.yungayino.cl\/noticias\/?p=24971","title":{"rendered":"Aprueban Financiamiento Para el Mejoramiento de Pasarela del Sector Santa Lucia Bajo de Yungay"},"content":{"rendered":"<p><img loading=\"lazy\" decoding=\"async\" class=\"alignnone size-full wp-image-24972\" src=\"http:\/\/www.yungayino.cl\/noticias\/wp-content\/uploads\/2021\/08\/foto-pasarela.jpg\" alt=\"\" width=\"700\" height=\"350\" srcset=\"https:\/\/www.yungayino.cl\/noticias\/wp-content\/uploads\/2021\/08\/foto-pasarela.jpg 700w, https:\/\/www.yungayino.cl\/noticias\/wp-content\/uploads\/2021\/08\/foto-pasarela-300x150.jpg 300w\" sizes=\"auto, (max-width: 700px) 100vw, 700px\" \/><\/p>\n<p style=\"text-align: justify;\">Yungay, agosto 2021: Una muy buena noticia para los Vecinos del Sector Santa Lucia Bajo se dio a conocer esta semana, donde el Honorable Concejo Municipal de Yungay aprob\u00f3 el financiamiento para el mejoramiento de la Pasarela del Sector Santa Luc\u00eda Bajo.<\/p>\n<p style=\"text-align: justify;\">De forma un\u00e1nime, el Concejo Municipal de Yungay aprob\u00f3 la entrega de subvenci\u00f3n especial a la Junta de Vecinos Santa Luc\u00eda Bajo por un monto de $ 3 millones de pesos, con la finalidad de financiar el mejoramiento de la pasarela del sector, una necesidad de hace bastante tiempo y que hoy se empieza a materializar, por solicitud del Alcalde, Rafael Cifuentes Rodr\u00edguez.<\/p>\n<p style=\"text-align: justify;\">Finalmente destacar que esta pasarela es una postal fotogr\u00e1fica muy visitada por los yungayinos y turistas, y que en la actualidad se encuentra muy deteriorada por lo que era una preocupaci\u00f3n de todos los vecinos de este hermoso sector cordillerano de nuestra comuna, por lo que el municipio hace un llamado a cuidar lo nuestro una vez que se realicen las mejoras.<\/p>\n","protected":false},"excerpt":{"rendered":"<p>Yungay, agosto 2021: Una muy buena noticia para los Vecinos del Sector Santa Lucia Bajo se dio a conocer esta semana, donde el Honorable Concejo Municipal de Yungay aprob\u00f3 el financiamiento para el mejoramiento&#46;&#46;&#46;<\/p>\n","protected":false},"author":2,"featured_media":24972,"comment_status":"closed","ping_status":"open","sticky":false,"template":"","format":"standard","meta":{"footnotes":""},"categories":[1],"tags":[1115,2516,2515,8,6,117],"class_list":["post-24971","post","type-post","status-publish","format-standard","has-post-thumbnail","hentry","category-noticias","tag-noticias","tag-pasarela","tag-sata-lucia-bajo","tag-yungay","tag-yungayino","tag-yungayinocl"],"_links":{"self":[{"href":"https:\/\/www.yungayino.cl\/noticias\/index.php?rest_route=\/wp\/v2\/posts\/24971","targetHints":{"allow":["GET"]}}],"collection":[{"href":"https:\/\/www.yungayino.cl\/noticias\/index.php?rest_route=\/wp\/v2\/posts"}],"about":[{"href":"https:\/\/www.yungayino.cl\/noticias\/index.php?rest_route=\/wp\/v2\/types\/post"}],"author":[{"embeddable":true,"href":"https:\/\/www.yungayino.cl\/noticias\/index.php?rest_route=\/wp\/v2\/users\/2"}],"replies":[{"embeddable":true,"href":"https:\/\/www.yungayino.cl\/noticias\/index.php?rest_route=%2Fwp%2Fv2%2Fcomments&post=24971"}],"version-history":[{"count":1,"href":"https:\/\/www.yungayino.cl\/noticias\/index.php?rest_route=\/wp\/v2\/posts\/24971\/revisions"}],"predecessor-version":[{"id":24973,"href":"https:\/\/www.yungayino.cl\/noticias\/index.php?rest_route=\/wp\/v2\/posts\/24971\/revisions\/24973"}],"wp:featuredmedia":[{"embeddable":true,"href":"https:\/\/www.yungayino.cl\/noticias\/index.php?rest_route=\/wp\/v2\/media\/24972"}],"wp:attachment":[{"href":"https:\/\/www.yungayino.cl\/noticias\/index.php?rest_route=%2Fwp%2Fv2%2Fmedia&parent=24971"}],"wp:term":[{"taxonomy":"category","embeddable":true,"href":"https:\/\/www.yungayino.cl\/noticias\/index.php?rest_route=%2Fwp%2Fv2%2Fcategories&post=24971"},{"taxonomy":"post_tag","embeddable":true,"href":"https:\/\/www.yungayino.cl\/noticias\/index.php?rest_route=%2Fwp%2Fv2%2Ftags&post=24971"}],"curies":[{"name":"wp","href":"https:\/\/api.w.org\/{rel}","templated":true}]}}