{"id":24974,"date":"2021-08-21T08:00:11","date_gmt":"2021-08-21T11:00:11","guid":{"rendered":"http:\/\/www.yungayino.cl\/noticias\/?p=24974"},"modified":"2021-08-19T17:06:37","modified_gmt":"2021-08-19T20:06:37","slug":"director-del-servicio-de-salud-se-reunio-con-ministro-paris-para-entregar-detalles-del-centro-oncologico-para-nuble","status":"publish","type":"post","link":"https:\/\/www.yungayino.cl\/noticias\/?p=24974","title":{"rendered":"Director del Servicio de Salud se Reuni\u00f3 con Ministro Paris Para Entregar Detalles del Centro Oncol\u00f3gico para \u00d1uble"},"content":{"rendered":"<p><img loading=\"lazy\" decoding=\"async\" class=\"alignnone size-full wp-image-24975\" src=\"http:\/\/www.yungayino.cl\/noticias\/wp-content\/uploads\/2021\/08\/Reunion-ministro.jpg\" alt=\"\" width=\"700\" height=\"350\" srcset=\"https:\/\/www.yungayino.cl\/noticias\/wp-content\/uploads\/2021\/08\/Reunion-ministro.jpg 700w, https:\/\/www.yungayino.cl\/noticias\/wp-content\/uploads\/2021\/08\/Reunion-ministro-300x150.jpg 300w\" sizes=\"auto, (max-width: 700px) 100vw, 700px\" \/><\/p>\n<p style=\"text-align: justify;\">\u00d1uble, agosto 2021: En el encuentro estuvieron presentes autoridades de la Regi\u00f3n, quienes conocieron los alcances del proyecto que de acuerdo al compromiso del Minsal, contar\u00e1 prontamente con recursos para su estudio pre-inversional.<\/p>\n<p style=\"text-align: justify;\">Evaluar la concreci\u00f3n de un nuevo Centro Oncol\u00f3gico que permita brindar atenci\u00f3n en la Regi\u00f3n a distintos tipos de c\u00e1ncer, es una de las tareas a las que est\u00e1n abocados en el Servicio de Salud \u00d1uble (SS\u00d1). Por ello, el Director de la Instituci\u00f3n, Ricardo S\u00e1nchez, se reuni\u00f3 con el Ministro de Salud, Enrique Paris para explicar los alcances y detalles del proyecto.<\/p>\n<p style=\"text-align: justify;\">Se trata de una iniciativa liderada por el SS\u00d1 y que ha contado con el apoyo de distintos actores, entre ellos, dirigentes de la comunidad y autoridades locales, quienes est\u00e1n aunando voluntades para acelerar la puesta en marcha de sus obras; estimadas entre 2025 y 2028.<\/p>\n<p style=\"text-align: justify;\">En ese marco, el ministro de Salud, Enrique Paris, valor\u00f3 la instancia pues \u201cle permiti\u00f3 conocer la expectativa que existe en la ciudadan\u00eda y el trabajo conjunto que realizan las autoridades locales para llevar adelante este proyecto. Por ello, y atendiendo a este anhelo, pero tambi\u00e9n, a la realidad epidemiol\u00f3gica de la Regi\u00f3n, el Ministerio dispondr\u00e1 los recursos para desarrollar el estudio pre-inversional, incluido en el Plan Nacional del C\u00e1ncer\u201d.<\/p>\n<p style=\"text-align: justify;\">\u201cEn este sentido, el trabajo del Servicio de Salud \u00d1uble es clave, pues son ellos, los encargados de liderar la ejecuci\u00f3n de esta estrategia. Confiamos en su rol para llevar adelante la evaluaci\u00f3n de esta iniciativa que va en beneficio de los vecinos y vecinas de su Regi\u00f3n\u201d, recalc\u00f3 el Secretario de Estado.<\/p>\n<p style=\"text-align: justify;\">Por su parte, el Director del SS\u00d1, Ricardo S\u00e1nchez, destac\u00f3 que \u201cel encuentro permiti\u00f3 informar detalles del proyecto. Hoy estamos haciendo todo lo que est\u00e1 a nuestro alcance para agilizar la concreci\u00f3n de esta unidad terap\u00e9utica de alta complejidad para la atenci\u00f3n de pacientes adultos diagnosticados con c\u00e1ncer en nuestra red, la que podr\u00eda comprender 3 \u00e1reas de atenci\u00f3n al usuario; ambulatoria; quimioterapia; radioterapia y braquiterapia\u201d.<\/p>\n<p style=\"text-align: justify;\">El profesional destac\u00f3 a su vez, la colaboraci\u00f3n intersectorial, pues \u201cen conjunto con la Gobernaci\u00f3n Regional; el Delegado Presidencial, Parlamentarios, las organizaciones sociales y tambi\u00e9n, la Municipalidad de Chill\u00e1n, estamos aunando voluntades en pos de alcanzar una mejor salud para \u00d1uble\u201d.<\/p>\n<p style=\"text-align: justify;\"><strong>\u00a0<\/strong><\/p>\n<p style=\"text-align: justify;\"><strong>Un avance para la Regi\u00f3n<\/strong><\/p>\n<p style=\"text-align: justify;\">Respecto del encuentro, sostenido en Santiago y de manera virtual con autoridades regionales, el delegado presidencial Crist\u00f3bal Jardua indic\u00f3 que \u00abreuniones como \u00e9stas nos permiten avanzar y materializar proyectos tan relevantes como es el Centro Oncol\u00f3gico para \u00d1uble, el cual entregar\u00e1 esperanzas y una mejor salud a nuestros vecinos. Quiero asegurar que seguiremos trabajando en conjunto con todos los actores involucrados para sacar adelante esta iniciativa lo antes posible, entendiendo que para nosotros como Gobierno la salud es uno de nuestros temas primordiales\u00bb.<\/p>\n<p style=\"text-align: justify;\">El futuro centro oncol\u00f3gico, beneficiar\u00e1 a los 500 mil habitantes de la Regi\u00f3n y se fortalecer\u00e1 la red asistencial de \u00d1uble junto al nuevo Hospital y otros centros de atenci\u00f3n primaria.<\/p>\n","protected":false},"excerpt":{"rendered":"<p>\u00d1uble, agosto 2021: En el encuentro estuvieron presentes autoridades de la Regi\u00f3n, quienes conocieron los alcances del proyecto que de acuerdo al compromiso del Minsal, contar\u00e1 prontamente con recursos para su estudio pre-inversional. Evaluar&#46;&#46;&#46;<\/p>\n","protected":false},"author":2,"featured_media":24975,"comment_status":"closed","ping_status":"open","sticky":false,"template":"","format":"standard","meta":{"footnotes":""},"categories":[1,1675],"tags":[2501,1115,1678,65,8,6,117],"class_list":["post-24974","post","type-post","status-publish","format-standard","has-post-thumbnail","hentry","category-noticias","category-saludc","tag-centro-oncologico","tag-noticias","tag-nuble","tag-salud","tag-yungay","tag-yungayino","tag-yungayinocl"],"_links":{"self":[{"href":"https:\/\/www.yungayino.cl\/noticias\/index.php?rest_route=\/wp\/v2\/posts\/24974","targetHints":{"allow":["GET"]}}],"collection":[{"href":"https:\/\/www.yungayino.cl\/noticias\/index.php?rest_route=\/wp\/v2\/posts"}],"about":[{"href":"https:\/\/www.yungayino.cl\/noticias\/index.php?rest_route=\/wp\/v2\/types\/post"}],"author":[{"embeddable":true,"href":"https:\/\/www.yungayino.cl\/noticias\/index.php?rest_route=\/wp\/v2\/users\/2"}],"replies":[{"embeddable":true,"href":"https:\/\/www.yungayino.cl\/noticias\/index.php?rest_route=%2Fwp%2Fv2%2Fcomments&post=24974"}],"version-history":[{"count":1,"href":"https:\/\/www.yungayino.cl\/noticias\/index.php?rest_route=\/wp\/v2\/posts\/24974\/revisions"}],"predecessor-version":[{"id":24976,"href":"https:\/\/www.yungayino.cl\/noticias\/index.php?rest_route=\/wp\/v2\/posts\/24974\/revisions\/24976"}],"wp:featuredmedia":[{"embeddable":true,"href":"https:\/\/www.yungayino.cl\/noticias\/index.php?rest_route=\/wp\/v2\/media\/24975"}],"wp:attachment":[{"href":"https:\/\/www.yungayino.cl\/noticias\/index.php?rest_route=%2Fwp%2Fv2%2Fmedia&parent=24974"}],"wp:term":[{"taxonomy":"category","embeddable":true,"href":"https:\/\/www.yungayino.cl\/noticias\/index.php?rest_route=%2Fwp%2Fv2%2Fcategories&post=24974"},{"taxonomy":"post_tag","embeddable":true,"href":"https:\/\/www.yungayino.cl\/noticias\/index.php?rest_route=%2Fwp%2Fv2%2Ftags&post=24974"}],"curies":[{"name":"wp","href":"https:\/\/api.w.org\/{rel}","templated":true}]}}