{"id":24977,"date":"2021-08-24T08:00:44","date_gmt":"2021-08-24T11:00:44","guid":{"rendered":"http:\/\/www.yungayino.cl\/noticias\/?p=24977"},"modified":"2021-08-19T17:12:51","modified_gmt":"2021-08-19T20:12:51","slug":"nuevo-servicio-mejor-ninez-en-nuble-iniciara-funciones-en-octubre","status":"publish","type":"post","link":"https:\/\/www.yungayino.cl\/noticias\/?p=24977","title":{"rendered":"Nuevo Servicio Mejor Ni\u00f1ez en \u00d1uble Iniciar\u00e1 Funciones en Octubre"},"content":{"rendered":"<p><img loading=\"lazy\" decoding=\"async\" class=\"alignnone size-full wp-image-24978\" src=\"http:\/\/www.yungayino.cl\/noticias\/wp-content\/uploads\/2021\/08\/sename.jpg\" alt=\"\" width=\"700\" height=\"350\" srcset=\"https:\/\/www.yungayino.cl\/noticias\/wp-content\/uploads\/2021\/08\/sename.jpg 700w, https:\/\/www.yungayino.cl\/noticias\/wp-content\/uploads\/2021\/08\/sename-300x150.jpg 300w\" sizes=\"auto, (max-width: 700px) 100vw, 700px\" \/><\/p>\n<p style=\"text-align: justify;\">\u00d1uble, agosto 2021: En octubre de 2021 iniciar\u00e1 sus funciones en \u00d1uble el nuevo Servicio Nacional de Protecci\u00f3n Especializada a la Ni\u00f1ez y Adolescencia, Mejor Ni\u00f1ez, organismo que bajo la Ley N\u00b021.302, promulgada por el Presidente Sebasti\u00e1n Pi\u00f1era en enero de este a\u00f1o, reemplazar\u00e1 al SENAME en materia de protecci\u00f3n de derechos y adopci\u00f3n, quedando bajo el alero del Ministerio de Desarrollo Social y Familia, y sujeto a la fiscalizaci\u00f3n de la Subsecretar\u00eda de la Ni\u00f1ez.<\/p>\n<p style=\"text-align: justify;\">As\u00ed lo afirm\u00f3 la Seremi de Desarrollo Social y Familia, Doris Osses, en el marco de una visita a la Residencia Nuestra Se\u00f1ora de la Esperanza, ubicada \u00a0en la comuna\u00a0 de Chill\u00e1n, en compa\u00f1\u00eda de la Coordinadora\u00a0 Regional de Ni\u00f1ez, Camila Maluenda, para conocer el trabajo t\u00e9cnico que se realiza en apoyo a los ni\u00f1os, ni\u00f1as y adolescentes de \u00d1uble.<\/p>\n<p style=\"text-align: justify;\">La autoridad regional detall\u00f3 que \u201cen el marco de la implementaci\u00f3n del nuevo servicio, un equipo de profesionales de la Subsecretar\u00eda de la Ni\u00f1ez se encuentra preparando su instalaci\u00f3n en el \u00e1mbito administrativo, program\u00e1tico y financiero, pero, tambi\u00e9n, generando las condiciones, habilitando las relaciones en lo que respecta tanto al SENAME como al intersector relacionado con la protecci\u00f3n de la infancia y adolescencia, como lo es Salud, SENDA, Poder Judicial y otros.\u201d<\/p>\n<p style=\"text-align: justify;\">A su vez, Doris Osses, agreg\u00f3 que \u201ces muy importante resaltar la descentralizaci\u00f3n que significa este proceso y el aumento de atribuciones que tendr\u00e1 el futuro director regional del servicio, cuya prioridad debe ser generar una oferta program\u00e1tica acorde a la pertinencia cultural y territorial de la regi\u00f3n, as\u00ed como las necesidades en materia de infancia de cada comuna.\u201d<\/p>\n<p style=\"text-align: justify;\">Por su parte, la Coordinadora Regional de Ni\u00f1ez, Camila Maluenda, afirm\u00f3 que \u201cdurante este proceso de implementaci\u00f3n \u201cse est\u00e1n llevando a cabo visitas a proyectos y residencias de la regi\u00f3n, para levantar los nudos cr\u00edticos que se han ido presentando en la funci\u00f3n de estos programas para luego entregar todos los insumos necesarios para la toma de decisiones al nuevo director regional\u201d.<\/p>\n<p style=\"text-align: justify;\">Entre los cambios que incorpora Mejor Ni\u00f1ez se encuentra la incorporaci\u00f3n de las familias (Enfoque Familiar) como sujetos de atenci\u00f3n del Servicio y colaboradores de los procesos de intervenci\u00f3n de los ni\u00f1os, ni\u00f1as y adolescentes (NNA), siguiendo lo planteado por la Convenci\u00f3n de los Derechos del Ni\u00f1o y las recomendaciones de la literatura nacional e internacional, respecto al valor que tiene para el crecimiento y desarrollo de los NNA el vivir en espacios familiares.<\/p>\n<p style=\"text-align: justify;\">En ese sentido, el nuevo Servicio ser\u00e1 un apoyo para las familias que presenten dificultades en el desarrollo de sus labores de cuidado y crianza, fortaleciendo sus factores protectores y disminuyendo factores de riesgo, con el objetivo de que puedan otorgar la protecci\u00f3n que los ni\u00f1os, ni\u00f1as u adolescentes necesitan. Adem\u00e1s, Mejor Ni\u00f1ez potenciar\u00e1 los acogimientos de tipo familiar y las familias de acogida para aquellos que lamentablemente deban ser separados de sus familias por orden judicial, en consideraci\u00f3n a su inter\u00e9s superior.<\/p>\n","protected":false},"excerpt":{"rendered":"<p>\u00d1uble, agosto 2021: En octubre de 2021 iniciar\u00e1 sus funciones en \u00d1uble el nuevo Servicio Nacional de Protecci\u00f3n Especializada a la Ni\u00f1ez y Adolescencia, Mejor Ni\u00f1ez, organismo que bajo la Ley N\u00b021.302, promulgada por&#46;&#46;&#46;<\/p>\n","protected":false},"author":2,"featured_media":24978,"comment_status":"closed","ping_status":"open","sticky":false,"template":"","format":"standard","meta":{"footnotes":""},"categories":[1],"tags":[1115,2517,2518,8,6,117],"class_list":["post-24977","post","type-post","status-publish","format-standard","has-post-thumbnail","hentry","category-noticias","tag-noticias","tag-sename","tag-servicio-mejor-ninez","tag-yungay","tag-yungayino","tag-yungayinocl"],"_links":{"self":[{"href":"https:\/\/www.yungayino.cl\/noticias\/index.php?rest_route=\/wp\/v2\/posts\/24977","targetHints":{"allow":["GET"]}}],"collection":[{"href":"https:\/\/www.yungayino.cl\/noticias\/index.php?rest_route=\/wp\/v2\/posts"}],"about":[{"href":"https:\/\/www.yungayino.cl\/noticias\/index.php?rest_route=\/wp\/v2\/types\/post"}],"author":[{"embeddable":true,"href":"https:\/\/www.yungayino.cl\/noticias\/index.php?rest_route=\/wp\/v2\/users\/2"}],"replies":[{"embeddable":true,"href":"https:\/\/www.yungayino.cl\/noticias\/index.php?rest_route=%2Fwp%2Fv2%2Fcomments&post=24977"}],"version-history":[{"count":1,"href":"https:\/\/www.yungayino.cl\/noticias\/index.php?rest_route=\/wp\/v2\/posts\/24977\/revisions"}],"predecessor-version":[{"id":24979,"href":"https:\/\/www.yungayino.cl\/noticias\/index.php?rest_route=\/wp\/v2\/posts\/24977\/revisions\/24979"}],"wp:featuredmedia":[{"embeddable":true,"href":"https:\/\/www.yungayino.cl\/noticias\/index.php?rest_route=\/wp\/v2\/media\/24978"}],"wp:attachment":[{"href":"https:\/\/www.yungayino.cl\/noticias\/index.php?rest_route=%2Fwp%2Fv2%2Fmedia&parent=24977"}],"wp:term":[{"taxonomy":"category","embeddable":true,"href":"https:\/\/www.yungayino.cl\/noticias\/index.php?rest_route=%2Fwp%2Fv2%2Fcategories&post=24977"},{"taxonomy":"post_tag","embeddable":true,"href":"https:\/\/www.yungayino.cl\/noticias\/index.php?rest_route=%2Fwp%2Fv2%2Ftags&post=24977"}],"curies":[{"name":"wp","href":"https:\/\/api.w.org\/{rel}","templated":true}]}}