{"id":25028,"date":"2021-09-03T07:00:52","date_gmt":"2021-09-03T10:00:52","guid":{"rendered":"http:\/\/www.yungayino.cl\/noticias\/?p=25028"},"modified":"2021-09-01T17:52:16","modified_gmt":"2021-09-01T20:52:16","slug":"biblioteca-publica-de-yungay-inaugura-equipos-adquiridos-con-los-fondos-del-ministerio-de-las-culturas-las-artes-y-el-patrimonio-para-equipamiento-covid-19","status":"publish","type":"post","link":"https:\/\/www.yungayino.cl\/noticias\/?p=25028","title":{"rendered":"Biblioteca P\u00fablica de Yungay Inaugura Equipos Adquiridos con los Fondos del Ministerio de las Culturas, las Artes y el Patrimonio Para Equipamiento Covid-19"},"content":{"rendered":"<p><img loading=\"lazy\" decoding=\"async\" class=\"alignnone size-full wp-image-25029\" src=\"http:\/\/www.yungayino.cl\/noticias\/wp-content\/uploads\/2021\/09\/biblioteca.jpg\" alt=\"\" width=\"700\" height=\"350\" srcset=\"https:\/\/www.yungayino.cl\/noticias\/wp-content\/uploads\/2021\/09\/biblioteca.jpg 700w, https:\/\/www.yungayino.cl\/noticias\/wp-content\/uploads\/2021\/09\/biblioteca-300x150.jpg 300w\" sizes=\"auto, (max-width: 700px) 100vw, 700px\" \/><\/p>\n<p style=\"text-align: justify;\">Yungay, septiembre 2021: La Biblioteca P\u00fablica de Yungay inaugur\u00f3 los implementos adquiridos por los fondos del Programa de Mejoramiento Integral de Bibliotecas (PMI), en las convocatorias 2020 categor\u00eda equipamiento para adquirir portales alarma para sistema de seguridad de libros por un total de $7.000.000, y 2021 en categor\u00eda equipamiento Covid-19 por un total de $4.915.890, para obtener elementos de sanitizaci\u00f3n que permitir\u00e1n realizar una reapertura segura de la biblioteca para la comunidad.<\/p>\n<p style=\"text-align: justify;\">Su postulaci\u00f3n en la primera convocatoria de los fondos concursables del Programa de Mejoramiento Integral (PMI) de Bibliotecas P\u00fablicas 2021 que entrega el Ministerio de las Culturas, las Artes y el Patrimonio, dentro de la nueva \u00abL\u00ednea Covid 19\u00bb, fue posible gracias al convenio existente entre las municipalidades y el Servicio Nacional del Patrimonio Cultural (SNPC).<\/p>\n<p style=\"text-align: justify;\">El equipamiento consiste en sensores de seguridad e implementos de resguardo sanitario contra el Covid-19. Espec\u00edficamente paletas de seguridad y equipos de emergencia Covid-19.<\/p>\n<p style=\"text-align: justify;\">A la actividad -que cont\u00f3 con la presentaci\u00f3n del grupo folcl\u00f3rico \u201cTaco, punta y espuela\u201d de Yungay y un cuenta cuento a cargo de Yanet Valeria- asisti\u00f3 la subdirectora del Servicio Nacional de Bibliotecas P\u00fablicas, Paula Larra\u00edn Larra\u00edn; la seremi de las Culturas, las Artes y el Patrimonio, Mar\u00eda Soledad Castro Mart\u00ednez; el director regional de Patrimonio, Jos\u00e9 Pedro Urz\u00faa Petinelli; el alcalde de Yungay, Rafael Cifuentes Rodr\u00edguez junto a diversas autoridades locales y la presencia de vecinos y vecinas de la comuna.<\/p>\n<p style=\"text-align: justify;\">Para la seremi de las Culturas, Mar\u00eda Soledad Castro, este acto cobra relevancia ya que, \u201ces muy importante reabrir estos espacios comunitarios con todos los implementos necesarios para que la ciudadan\u00eda disfrute de este lugar con seguridad despu\u00e9s de meses sin funcionamiento\u201d.<\/p>\n<p style=\"text-align: justify;\">Adem\u00e1s, la subdirectora del Servicio Nacional de Bibliotecas P\u00fablicas, se\u00f1al\u00f3 estar agradecida por la visita a la biblioteca de Yungay, que ya tiene 7 a\u00f1os de funcionamiento, y que hoy se reinaugura. \u201cLa invitaci\u00f3n es a aprovechar esta apertura que estamos teniendo, visitar nuevamente la biblioteca, disfrutar de sus servicios y participar de las actividades que con tanto cari\u00f1o est\u00e1 preparando todo el equipo\u201d, agreg\u00f3 Paula Larra\u00edn.<\/p>\n","protected":false},"excerpt":{"rendered":"<p>Yungay, septiembre 2021: La Biblioteca P\u00fablica de Yungay inaugur\u00f3 los implementos adquiridos por los fondos del Programa de Mejoramiento Integral de Bibliotecas (PMI), en las convocatorias 2020 categor\u00eda equipamiento para adquirir portales alarma para&#46;&#46;&#46;<\/p>\n","protected":false},"author":2,"featured_media":25029,"comment_status":"closed","ping_status":"open","sticky":false,"template":"","format":"standard","meta":{"footnotes":""},"categories":[1],"tags":[923,1115,8,6,117],"class_list":["post-25028","post","type-post","status-publish","format-standard","has-post-thumbnail","hentry","category-noticias","tag-biblioteca-de-yungay","tag-noticias","tag-yungay","tag-yungayino","tag-yungayinocl"],"_links":{"self":[{"href":"https:\/\/www.yungayino.cl\/noticias\/index.php?rest_route=\/wp\/v2\/posts\/25028","targetHints":{"allow":["GET"]}}],"collection":[{"href":"https:\/\/www.yungayino.cl\/noticias\/index.php?rest_route=\/wp\/v2\/posts"}],"about":[{"href":"https:\/\/www.yungayino.cl\/noticias\/index.php?rest_route=\/wp\/v2\/types\/post"}],"author":[{"embeddable":true,"href":"https:\/\/www.yungayino.cl\/noticias\/index.php?rest_route=\/wp\/v2\/users\/2"}],"replies":[{"embeddable":true,"href":"https:\/\/www.yungayino.cl\/noticias\/index.php?rest_route=%2Fwp%2Fv2%2Fcomments&post=25028"}],"version-history":[{"count":1,"href":"https:\/\/www.yungayino.cl\/noticias\/index.php?rest_route=\/wp\/v2\/posts\/25028\/revisions"}],"predecessor-version":[{"id":25030,"href":"https:\/\/www.yungayino.cl\/noticias\/index.php?rest_route=\/wp\/v2\/posts\/25028\/revisions\/25030"}],"wp:featuredmedia":[{"embeddable":true,"href":"https:\/\/www.yungayino.cl\/noticias\/index.php?rest_route=\/wp\/v2\/media\/25029"}],"wp:attachment":[{"href":"https:\/\/www.yungayino.cl\/noticias\/index.php?rest_route=%2Fwp%2Fv2%2Fmedia&parent=25028"}],"wp:term":[{"taxonomy":"category","embeddable":true,"href":"https:\/\/www.yungayino.cl\/noticias\/index.php?rest_route=%2Fwp%2Fv2%2Fcategories&post=25028"},{"taxonomy":"post_tag","embeddable":true,"href":"https:\/\/www.yungayino.cl\/noticias\/index.php?rest_route=%2Fwp%2Fv2%2Ftags&post=25028"}],"curies":[{"name":"wp","href":"https:\/\/api.w.org\/{rel}","templated":true}]}}