{"id":25031,"date":"2021-09-04T07:00:29","date_gmt":"2021-09-04T10:00:29","guid":{"rendered":"http:\/\/www.yungayino.cl\/noticias\/?p=25031"},"modified":"2021-09-01T17:54:20","modified_gmt":"2021-09-01T20:54:20","slug":"sernameg-certifica-a-participantes-de-curso-sobre-abordaje-en-violencia-contra-las-mujeres","status":"publish","type":"post","link":"https:\/\/www.yungayino.cl\/noticias\/?p=25031","title":{"rendered":"SernamEG Certifica a Participantes de Curso Sobre Abordaje en Violencia Contra las Mujeres"},"content":{"rendered":"<p><img loading=\"lazy\" decoding=\"async\" class=\"alignnone size-full wp-image-25032\" src=\"http:\/\/www.yungayino.cl\/noticias\/wp-content\/uploads\/2021\/09\/sernameg.jpg\" alt=\"\" width=\"700\" height=\"350\" srcset=\"https:\/\/www.yungayino.cl\/noticias\/wp-content\/uploads\/2021\/09\/sernameg.jpg 700w, https:\/\/www.yungayino.cl\/noticias\/wp-content\/uploads\/2021\/09\/sernameg-300x150.jpg 300w\" sizes=\"auto, (max-width: 700px) 100vw, 700px\" \/><\/p>\n<p style=\"text-align: justify;\">Septiembre 2021: La pandemia por Covid-19 impidi\u00f3 realizar una ceremonia presencial. Sin embargo, la emergencia sanitaria no fue una barrera para que m\u00e1s de 600 hombres y mujeres, pertenecientes a distintas instituciones del Estado, realizaran el curso E-learning <strong>\u201cHerramientas para el Abordaje en Violencia contra las Mujeres desde un Enfoque de G\u00e9nero y Derechos Humanos\u201d.<\/strong> Dicha capacitaci\u00f3n fue desarrollada por la Unidad en Violencia contra las Mujeres del SernamEG y ejecutada por la Universidad de Concepci\u00f3n.<\/p>\n<p style=\"text-align: justify;\">Aprovechando que Santiago est\u00e1 en fase de Preparaci\u00f3n y respetando las medidas sanitarias, este mi\u00e9rcoles se certific\u00f3 a 50 participantes de la sexta versi\u00f3n de este curso, actividad realizada en el Auditorio del edificio Moneda Bicentenario y liderada por la ministra de la Mujer y la Equidad de G\u00e9nero, M\u00f3nica Zalaquett Said.<\/p>\n<p style=\"text-align: justify;\">\u201cComo Ministerio de la Mujer y Equidad de G\u00e9nero, valoramos que m\u00e1s de 600 personas hayan participando de este programa desde distintas reparticiones del Estado, ya que un ministerio o un gobierno por s\u00ed solo no podr\u00e1 erradicar la violencia contra las mujeres, los y las necesitamos a todos y a todas. Hombres y mujeres por igual debemos prevenir, denunciar y condenar la violencia porque da\u00f1a profundamente a nuestra sociedad. Es por esto que es tan importante que hoy estemos certificando a 50 hombres y mujeres que ser\u00e1n agentes de sensibilizaci\u00f3n para enfrentar el gran desaf\u00edo de erradicar todo tipo de violencia contra las mujeres\u201d, afirm\u00f3 la ministra Zalaquett.<\/p>\n<p style=\"text-align: justify;\">Es un curso dirigido a funcionarias y funcionarios p\u00fablicos con el objetivo de que comprendan, actualicen y fortalezcan contenidos y herramientas b\u00e1sicas de prevenci\u00f3n y abordaje de la violencia contra las mujeres. Consta de 42 horas cronol\u00f3gicas on-line, que se realizan aproximadamente en 6 meses. Adem\u00e1s, dependiendo de la instituci\u00f3n (aquellas que tienen directa relaci\u00f3n con la atenci\u00f3n y protecci\u00f3n a la v\u00edctima), realizan talleres donde resuelven casos pr\u00e1cticos.<\/p>\n<p style=\"text-align: justify;\">Para la implementaci\u00f3n de este curso, la Universidad de Concepci\u00f3n (UdeC) dispone de una plataforma especial, tutores y realiza todo el seguimiento de las y los participantes.<\/p>\n<p style=\"text-align: justify;\">\u201cComo instituci\u00f3n, nos enorgullece el inter\u00e9s demostrado por quienes participaron en esta capacitaci\u00f3n, hombres y mujeres, t\u00e9cnicos y profesionales de distintas instituciones del Estado, que no solo se comprometieron con formarse para entregar una buena acogida a mujeres sobrevivientes de violencia, sino que tambi\u00e9n con erradicar esta problem\u00e1tica de nuestra sociedad. Debemos seguir trabajando conjuntamente para avanzar hacia el cambio cultural que nuestro pa\u00eds necesita\u201d, agreg\u00f3 la jefa de la Unidad en Violencia contra las Mujeres del SernamEG, Elizabeth Matta Guzm\u00e1n.<\/p>\n<p style=\"text-align: justify;\">Desde 2015, m\u00e1s de 2.000 profesionales y t\u00e9cnicos de distintas instituciones p\u00fablicas han aprobado este E-learning. Entre ellas, Paz Rosas Guzm\u00e1n, funcionaria de la subsecretar\u00eda de Redes Asistenciales del Ministerio de Salud, quien asegur\u00f3 que \u201cEs muy relevante abordar la erradicaci\u00f3n de la violencia de g\u00e9nero desde la salud, como la pesquisa precoz de las situaciones que viven las mujeres, lo que se puede hacer desde toda la red p\u00fablica de Salud. Y, en ese sentido, contar con herramientas para hacer una buena primera acogida y tener conocimiento sobre c\u00f3mo proceder en cada situaci\u00f3n, es fundamental para apoyar a quienes est\u00e1n viviendo esta problem\u00e1tica\u201d.<\/p>\n<p style=\"text-align: justify;\">Del total de inscritos el a\u00f1o pasado, 591 personas aprobaron el curso, lo que corresponde a un 95%. Actualmente, se realiza la s\u00e9ptima versi\u00f3n del E-learning donde participan m\u00e1s de 620 funcionarias y funcionarios de distintas reparticiones del Estado.<\/p>\n","protected":false},"excerpt":{"rendered":"<p>Septiembre 2021: La pandemia por Covid-19 impidi\u00f3 realizar una ceremonia presencial. Sin embargo, la emergencia sanitaria no fue una barrera para que m\u00e1s de 600 hombres y mujeres, pertenecientes a distintas instituciones del Estado,&#46;&#46;&#46;<\/p>\n","protected":false},"author":2,"featured_media":25032,"comment_status":"closed","ping_status":"open","sticky":false,"template":"","format":"standard","meta":{"footnotes":""},"categories":[1],"tags":[1115,8,6,117],"class_list":["post-25031","post","type-post","status-publish","format-standard","has-post-thumbnail","hentry","category-noticias","tag-noticias","tag-yungay","tag-yungayino","tag-yungayinocl"],"_links":{"self":[{"href":"https:\/\/www.yungayino.cl\/noticias\/index.php?rest_route=\/wp\/v2\/posts\/25031","targetHints":{"allow":["GET"]}}],"collection":[{"href":"https:\/\/www.yungayino.cl\/noticias\/index.php?rest_route=\/wp\/v2\/posts"}],"about":[{"href":"https:\/\/www.yungayino.cl\/noticias\/index.php?rest_route=\/wp\/v2\/types\/post"}],"author":[{"embeddable":true,"href":"https:\/\/www.yungayino.cl\/noticias\/index.php?rest_route=\/wp\/v2\/users\/2"}],"replies":[{"embeddable":true,"href":"https:\/\/www.yungayino.cl\/noticias\/index.php?rest_route=%2Fwp%2Fv2%2Fcomments&post=25031"}],"version-history":[{"count":1,"href":"https:\/\/www.yungayino.cl\/noticias\/index.php?rest_route=\/wp\/v2\/posts\/25031\/revisions"}],"predecessor-version":[{"id":25033,"href":"https:\/\/www.yungayino.cl\/noticias\/index.php?rest_route=\/wp\/v2\/posts\/25031\/revisions\/25033"}],"wp:featuredmedia":[{"embeddable":true,"href":"https:\/\/www.yungayino.cl\/noticias\/index.php?rest_route=\/wp\/v2\/media\/25032"}],"wp:attachment":[{"href":"https:\/\/www.yungayino.cl\/noticias\/index.php?rest_route=%2Fwp%2Fv2%2Fmedia&parent=25031"}],"wp:term":[{"taxonomy":"category","embeddable":true,"href":"https:\/\/www.yungayino.cl\/noticias\/index.php?rest_route=%2Fwp%2Fv2%2Fcategories&post=25031"},{"taxonomy":"post_tag","embeddable":true,"href":"https:\/\/www.yungayino.cl\/noticias\/index.php?rest_route=%2Fwp%2Fv2%2Ftags&post=25031"}],"curies":[{"name":"wp","href":"https:\/\/api.w.org\/{rel}","templated":true}]}}