{"id":25034,"date":"2021-09-06T07:00:35","date_gmt":"2021-09-06T10:00:35","guid":{"rendered":"http:\/\/www.yungayino.cl\/noticias\/?p=25034"},"modified":"2021-09-01T17:56:34","modified_gmt":"2021-09-01T20:56:34","slug":"a-fines-de-septiembre-quedara-definido-el-espacio-que-ocupara-el-centro-teleton-y-el-centro-oncologico","status":"publish","type":"post","link":"https:\/\/www.yungayino.cl\/noticias\/?p=25034","title":{"rendered":"A Fines de Septiembre Quedar\u00e1 Definido el Espacio que Ocupar\u00e1 el Centro Telet\u00f3n y el Centro Oncol\u00f3gico"},"content":{"rendered":"<p><img loading=\"lazy\" decoding=\"async\" class=\"alignnone size-full wp-image-25035\" src=\"http:\/\/www.yungayino.cl\/noticias\/wp-content\/uploads\/2021\/09\/teleton.jpg\" alt=\"\" width=\"700\" height=\"350\" srcset=\"https:\/\/www.yungayino.cl\/noticias\/wp-content\/uploads\/2021\/09\/teleton.jpg 700w, https:\/\/www.yungayino.cl\/noticias\/wp-content\/uploads\/2021\/09\/teleton-300x150.jpg 300w\" sizes=\"auto, (max-width: 700px) 100vw, 700px\" \/><\/p>\n<p style=\"text-align: justify;\">\u00d1uble, septiembre 2021: Nuevos avances en el proceso de la instalaci\u00f3n del centro Telet\u00f3n en \u00d1uble, se llevaron a cabo en una reuni\u00f3n en la que particip\u00f3 el Gobernador Regional de \u00d1uble, \u00d3scar Cris\u00f3stomo, junto a representantes de la Fundaci\u00f3n y el alcalde de Chill\u00e1n, Camilo Benavente, donde estudiaron la distribuci\u00f3n que tendr\u00e1 el terreno que albergar\u00e1, adem\u00e1s del instituto de rehabilitaci\u00f3n, un centro oncol\u00f3gico y un espacio para \u00e1reas verdes.<\/p>\n<p style=\"text-align: justify;\">En la instancia se fij\u00f3 como plazo el pr\u00f3ximo 30 de septiembre, para que los equipos t\u00e9cnicos de las partes involucradas, lleven a cabo la subdivisi\u00f3n del lugar de 11 mil metros cuadrados ubicado en la intersecci\u00f3n de Avenida Argentina y Coll\u00edn.<\/p>\n<p style=\"text-align: justify;\">El Gobernador Cris\u00f3stomo explic\u00f3 que \u201chemos estado con la Fundaci\u00f3n Telet\u00f3n, con el ministerio de Salud, y con el alcalde de Chill\u00e1n viendo lo que va a ser la puesta en marcha de dos grandes proyectos: el centro Telet\u00f3n y el centro oncol\u00f3gico para la regi\u00f3n de \u00d1uble. Agradecemos, nuevamente, la disposici\u00f3n del alcalde de Chill\u00e1n, Camilo Benavente de poder ceder un terreno de cerca de 11 mil metros cuadrados donde van a estar ubicados ambos proyectos, que, sin lugar a dudas, van a beneficiar a las 21 comunas en la regi\u00f3n de \u00d1uble\u201d.<\/p>\n<p style=\"text-align: justify;\">En concreto, profundiz\u00f3 Cris\u00f3stomo, \u201ctenemos plazo de aqu\u00ed al 30 de septiembre para que los equipos t\u00e9cnicos puedan trabajar y as\u00ed poder conformar un proyecto arm\u00f3nico para el entorno de este sector y de la regi\u00f3n de \u00d1uble. Vamos a hacer el centro oncol\u00f3gico, el centro Telet\u00f3n y, adem\u00e1s, va a quedar un espacio de \u00e1reas verdes y de parque, que va a ser muy bienvenido por la comunidad. Lo importante en esto es que tenemos que trabajar todos juntos y aqu\u00ed es una muestra de eso. (\u2026) tenemos un plazo definitivo para poder entregar el primer informe y tener claridad donde va a estar ubicado el centro Telet\u00f3n, el centro oncol\u00f3gico y d\u00f3nde va quedar este parque que vamos a generar en conjunto\u201d.<\/p>\n","protected":false},"excerpt":{"rendered":"<p>\u00d1uble, septiembre 2021: Nuevos avances en el proceso de la instalaci\u00f3n del centro Telet\u00f3n en \u00d1uble, se llevaron a cabo en una reuni\u00f3n en la que particip\u00f3 el Gobernador Regional de \u00d1uble, \u00d3scar Cris\u00f3stomo,&#46;&#46;&#46;<\/p>\n","protected":false},"author":2,"featured_media":25035,"comment_status":"closed","ping_status":"open","sticky":false,"template":"","format":"standard","meta":{"footnotes":""},"categories":[1,1675],"tags":[2501,1115,65,289,8,6,117],"class_list":["post-25034","post","type-post","status-publish","format-standard","has-post-thumbnail","hentry","category-noticias","category-saludc","tag-centro-oncologico","tag-noticias","tag-salud","tag-teleton","tag-yungay","tag-yungayino","tag-yungayinocl"],"_links":{"self":[{"href":"https:\/\/www.yungayino.cl\/noticias\/index.php?rest_route=\/wp\/v2\/posts\/25034","targetHints":{"allow":["GET"]}}],"collection":[{"href":"https:\/\/www.yungayino.cl\/noticias\/index.php?rest_route=\/wp\/v2\/posts"}],"about":[{"href":"https:\/\/www.yungayino.cl\/noticias\/index.php?rest_route=\/wp\/v2\/types\/post"}],"author":[{"embeddable":true,"href":"https:\/\/www.yungayino.cl\/noticias\/index.php?rest_route=\/wp\/v2\/users\/2"}],"replies":[{"embeddable":true,"href":"https:\/\/www.yungayino.cl\/noticias\/index.php?rest_route=%2Fwp%2Fv2%2Fcomments&post=25034"}],"version-history":[{"count":1,"href":"https:\/\/www.yungayino.cl\/noticias\/index.php?rest_route=\/wp\/v2\/posts\/25034\/revisions"}],"predecessor-version":[{"id":25036,"href":"https:\/\/www.yungayino.cl\/noticias\/index.php?rest_route=\/wp\/v2\/posts\/25034\/revisions\/25036"}],"wp:featuredmedia":[{"embeddable":true,"href":"https:\/\/www.yungayino.cl\/noticias\/index.php?rest_route=\/wp\/v2\/media\/25035"}],"wp:attachment":[{"href":"https:\/\/www.yungayino.cl\/noticias\/index.php?rest_route=%2Fwp%2Fv2%2Fmedia&parent=25034"}],"wp:term":[{"taxonomy":"category","embeddable":true,"href":"https:\/\/www.yungayino.cl\/noticias\/index.php?rest_route=%2Fwp%2Fv2%2Fcategories&post=25034"},{"taxonomy":"post_tag","embeddable":true,"href":"https:\/\/www.yungayino.cl\/noticias\/index.php?rest_route=%2Fwp%2Fv2%2Ftags&post=25034"}],"curies":[{"name":"wp","href":"https:\/\/api.w.org\/{rel}","templated":true}]}}